{"id":408659,"date":"2016-07-05T17:35:25","date_gmt":"2016-07-05T22:35:25","guid":{"rendered":"http:\/\/www.futboltotal.com.mx\/?p=408659"},"modified":"2016-07-05T17:41:31","modified_gmt":"2016-07-05T22:41:31","slug":"trollean-a-memo-ochoa-7-0","status":"publish","type":"post","link":"http:\/\/desarrollo.grupomedios.com\/futbol\/futbol-mexicano\/trollean-a-memo-ochoa-7-0\/2016\/07","title":{"rendered":"Trollean a Ochoa&#8230; \u00a1Le recuerdan el 7-0!"},"content":{"rendered":"<p>Pese a que los jugadores viven la recta final de sus vacaciones, la herida que dej\u00f3 la goleada que recibi\u00f3 la <a href=\"http:\/\/www.futboltotal.com.mx\/futbol-mexicano\/seleccion-mexicana\/\" target=\"_blank\"><strong>Selecci\u00f3n Mexicana<\/strong><\/a> de <strong>7-0<\/strong> frente a Chile, sigue dando de qu\u00e9 hablar, pues el portero <strong>Guillermo Ochoa<\/strong> le reclam\u00f3 a una compa\u00f1\u00eda por su servicio, pero los usuarios de <em>Twitter<\/em> terminaron por burlarse del arquero.<\/p>\n<p>Por medio de las redes sociales, el cancerbero extern\u00f3 su indignaci\u00f3n porque la aerol\u00ednea espa\u00f1ola Iberia no mand\u00f3 su equipaje por cuarta ocasi\u00f3n; como respuesta, la empresa le pidi\u00f3 el c\u00f3digo de su reclamo anterior, a lo que otro usuario respondi\u00f3 que \u00e9ste era <strong>7-0<\/strong>.<\/p>\n<blockquote class=\"twitter-tweet\" data-lang=\"es\">\n<p dir=\"ltr\" lang=\"es\">Se\u00f1ores de <a href=\"https:\/\/twitter.com\/Iberia\">@Iberia<\/a> el c\u00f3digo de <a href=\"https:\/\/twitter.com\/yosoy8a\">@yosoy8a<\/a> es 7-0<\/p>\n<p>\u2014 Mario Chapa (@mchapa91) <a href=\"https:\/\/twitter.com\/mchapa91\/status\/750426802623901696\">5 de julio de 2016<\/a><\/p><\/blockquote>\n<p><script src=\"\/\/platform.twitter.com\/widgets.js\" async=\"\" charset=\"utf-8\"><\/script><\/p>\n<p>Pero esa no fue la \u00fanica burla que se llev\u00f3 <em>Memo<\/em> <strong>Ochoa<\/strong>, pues varias cuentas siguieron aumentando los chistes a costa del futbolista.<\/p>\n<blockquote class=\"twitter-tweet\" data-conversation=\"none\" data-lang=\"es\"><p>\n.<a href=\"https:\/\/twitter.com\/yosoy8a\">@yosoy8a<\/a> Puedes tolerar que te anoten un gol, pero 7? Encima en la Copa Am\u00e9rica y sinti\u00e9ndote el vergas??? Vaya portero<\/p>\n<p>\u2014 Bullying Futbolero (@BullyingFutbol) <a href=\"https:\/\/twitter.com\/BullyingFutbol\/status\/750451211975815168\">5 de julio de 2016<\/a>\n<\/p><\/blockquote>\n<p><script src=\"\/\/platform.twitter.com\/widgets.js\" async=\"\" charset=\"utf-8\"><\/script><\/p>\n<p><span style=\"color: #ff0000;\"><strong>VIDEO<\/strong>: Las mejores aficiones de la Eurocopa<\/span><\/p>\n<p>[video_player]https:\/\/player.vimeo.com\/external\/173499566.sd.mp4?s=e7f52fb3429dac9c2cd9f4bfb6168e261587a07b&amp;profile_id=165[\/video_player]<\/p>\n","protected":false},"excerpt":{"rendered":"<p>El portero le reclam\u00f3 a una compa\u00f1\u00eda a\u00e9rea y se burlaron de \u00e9l<\/p>\n","protected":false},"author":20,"featured_media":408660,"comment_status":"closed","ping_status":"closed","sticky":false,"template":"","format":"standard","meta":[],"categories":[5419,2198,5950],"tags":[5991,5979],"_links":{"self":[{"href":"http:\/\/desarrollo.grupomedios.com\/futbol\/wp-json\/wp\/v2\/posts\/408659"}],"collection":[{"href":"http:\/\/desarrollo.grupomedios.com\/futbol\/wp-json\/wp\/v2\/posts"}],"about":[{"href":"http:\/\/desarrollo.grupomedios.com\/futbol\/wp-json\/wp\/v2\/types\/post"}],"author":[{"embeddable":true,"href":"http:\/\/desarrollo.grupomedios.com\/futbol\/wp-json\/wp\/v2\/users\/20"}],"replies":[{"embeddable":true,"href":"http:\/\/desarrollo.grupomedios.com\/futbol\/wp-json\/wp\/v2\/comments?post=408659"}],"version-history":[{"count":0,"href":"http:\/\/desarrollo.grupomedios.com\/futbol\/wp-json\/wp\/v2\/posts\/408659\/revisions"}],"wp:featuredmedia":[{"embeddable":true,"href":"http:\/\/desarrollo.grupomedios.com\/futbol\/wp-json\/wp\/v2\/media\/408660"}],"wp:attachment":[{"href":"http:\/\/desarrollo.grupomedios.com\/futbol\/wp-json\/wp\/v2\/media?parent=408659"}],"wp:term":[{"taxonomy":"category","embeddable":true,"href":"http:\/\/desarrollo.grupomedios.com\/futbol\/wp-json\/wp\/v2\/categories?post=408659"},{"taxonomy":"post_tag","embeddable":true,"href":"http:\/\/desarrollo.grupomedios.com\/futbol\/wp-json\/wp\/v2\/tags?post=408659"}],"curies":[{"name":"wp","href":"https:\/\/api.w.org\/{rel}","templated":true}]}}