{"id":408688,"date":"2016-07-05T19:05:08","date_gmt":"2016-07-06T00:05:08","guid":{"rendered":"http:\/\/www.futboltotal.com.mx\/?p=408688"},"modified":"2016-07-05T19:05:08","modified_gmt":"2016-07-06T00:05:08","slug":"chucky-lozano-puede-ir-a-manchester-united","status":"publish","type":"post","link":"http:\/\/desarrollo.grupomedios.com\/futbol\/futbol-mexicano\/chucky-lozano-puede-ir-a-manchester-united\/2016\/07","title":{"rendered":"Hay plazo para el traspaso de Lozano al United"},"content":{"rendered":"<p>El traspaso de <strong>Hirving Lozano<\/strong> al <strong>Manchester United<\/strong> de Inglaterra se definir\u00eda despu\u00e9s de los <strong>Juegos Ol\u00edmpicos R\u00edo 2016<\/strong>, indic\u00f3 Jes\u00fas Lozano, padre del delantero mexicano.<\/p>\n<p>\u201cPor lo poco que s\u00e9, esto se definir\u00e1 despu\u00e9s de los Juegos Ol\u00edmpicos, de acuerdo tambi\u00e9n lo que pueda lograr, eso tambi\u00e9n es parametro\u201d, declar\u00f3 Lozano padre.<\/p>\n<p style=\"text-align: center;\"><span style=\"color: #3366ff;\"><strong><a style=\"color: #3366ff;\" href=\"http:\/\/www.futboltotal.com.mx\/2016\/06\/hirving-llegara-fortalecido-a-jjoo\/\">LEER M\u00c1S: Lozano, fortalecido para Juegos Ol\u00edmpicos\u00a0<\/a><\/strong><\/span><\/p>\n<p>\u201cHay inter\u00e9s del <strong>Manchester<\/strong> y de otros equipos, no soy el m\u00e1s indicado para decir si hay arreglo por Hirving, creo que s\u00ed hay inter\u00e9s, pero no se ha llegado a un arreglo\u201d, agreg\u00f3 Don Jes\u00fas en declaraciones para <em>TDN.\u00a0<\/em><\/p>\n<p>Asimismo, apunt\u00f3 que en caso de concretarse esta posibilidad, ser\u00eda un paso muy importante para <strong>Lozano<\/strong> y el balompi\u00e9 nacional.<\/p>\n<p>\u201cSu ilusi\u00f3n era llegar al primer equipo, siempre quiere lograr m\u00e1s; afortunadamente todo le ha salido bien hasta ahora, creo que ser\u00e1 muy importante para \u00e9l y para el futbol mexicano que pueda lograr emigrar al futbol internacional\u201d, acot\u00f3.<\/p>\n<p>El <em>Chucky<\/em> es uno de los elementos m\u00e1s importantes de la selecci\u00f3n mexicana sub 23 que disputar\u00e1 los Juegos Ol\u00edmpicos R\u00edo 2016, en los que buscar\u00e1 refrendar la medalla de oro que conquist\u00f3 en Londres 2012.<\/p>\n","protected":false},"excerpt":{"rendered":"<p>El padre del internacional mexicano habl\u00f3 sobre el cambio de club de su hijo<\/p>\n","protected":false},"author":20,"featured_media":408689,"comment_status":"closed","ping_status":"closed","sticky":false,"template":"","format":"standard","meta":[],"categories":[2198,3845],"tags":[5196,43],"_links":{"self":[{"href":"http:\/\/desarrollo.grupomedios.com\/futbol\/wp-json\/wp\/v2\/posts\/408688"}],"collection":[{"href":"http:\/\/desarrollo.grupomedios.com\/futbol\/wp-json\/wp\/v2\/posts"}],"about":[{"href":"http:\/\/desarrollo.grupomedios.com\/futbol\/wp-json\/wp\/v2\/types\/post"}],"author":[{"embeddable":true,"href":"http:\/\/desarrollo.grupomedios.com\/futbol\/wp-json\/wp\/v2\/users\/20"}],"replies":[{"embeddable":true,"href":"http:\/\/desarrollo.grupomedios.com\/futbol\/wp-json\/wp\/v2\/comments?post=408688"}],"version-history":[{"count":0,"href":"http:\/\/desarrollo.grupomedios.com\/futbol\/wp-json\/wp\/v2\/posts\/408688\/revisions"}],"wp:featuredmedia":[{"embeddable":true,"href":"http:\/\/desarrollo.grupomedios.com\/futbol\/wp-json\/wp\/v2\/media\/408689"}],"wp:attachment":[{"href":"http:\/\/desarrollo.grupomedios.com\/futbol\/wp-json\/wp\/v2\/media?parent=408688"}],"wp:term":[{"taxonomy":"category","embeddable":true,"href":"http:\/\/desarrollo.grupomedios.com\/futbol\/wp-json\/wp\/v2\/categories?post=408688"},{"taxonomy":"post_tag","embeddable":true,"href":"http:\/\/desarrollo.grupomedios.com\/futbol\/wp-json\/wp\/v2\/tags?post=408688"}],"curies":[{"name":"wp","href":"https:\/\/api.w.org\/{rel}","templated":true}]}}