{"id":408691,"date":"2016-07-05T20:23:34","date_gmt":"2016-07-06T01:23:34","guid":{"rendered":"http:\/\/www.futboltotal.com.mx\/?p=408691"},"modified":"2016-07-05T20:23:34","modified_gmt":"2016-07-06T01:23:34","slug":"uruguay-puede-reemplazar-a-argentina-en-jo","status":"publish","type":"post","link":"http:\/\/desarrollo.grupomedios.com\/futbol\/futbol-internacional\/uruguay-puede-reemplazar-a-argentina-en-jo\/2016\/07","title":{"rendered":"Uruguay puede reemplazar a Argentina en JO"},"content":{"rendered":"<p>Tras la renuncia del entrenador<strong> Gerardo Martino<\/strong>\u00a0como seleccionador de\u00a0<strong>Argentina<\/strong>\u00a0las participaci\u00f3n de la\u00a0<em>Albiceleste<\/em>\u00a0en los Juegos Ol\u00edmpicos 2016 est\u00e1 en vilo. Mientras en Argentina, el tema central es qui\u00e9n debe reemplazar al <em>Tata,\u00a0<\/em>en Uruguay se frotan las manos y contemplan la posibilidad de relevar a su archirrival, ante una eventual renuncia del mismo a\u00a0participar en la justa que arranca el pr\u00f3ximo mes de agosto.<\/p>\n<p>La AFA afronta una crisis interna y tiene la presi\u00f3n a tope por definir a contrarreloj el nuevo director t\u00e9cnico. Aunado a ello, aun no tiene definidos los convocados para la justa -solo est\u00e1 la prelista que dej\u00f3 Martino-, pues hay problemas en la cesi\u00f3n de jugadores. De ah\u00ed que\u00a0valore dar un paso al costado, seg\u00fan admiti\u00f3 Gerardo Werthein, presidente del Comit\u00e9 Ol\u00edmpico Argentino: &#8220;Hay un 50 por ciento de chances que el f\u00fatbol no se presente a la cita&#8221;.<\/p>\n<p style=\"text-align: center;\"><span style=\"color: #3366ff;\"><strong><a style=\"color: #3366ff;\" href=\"http:\/\/www.futboltotal.com.mx\/2016\/07\/tata-martino-renuncia-dt-argentina\/\">LEER M\u00c1S: Gerardo Martino deja la selecci\u00f3n de Argentina<\/a><\/strong><\/span><\/p>\n<p>Si la <em>Albiceleste<\/em> no participa la selecci\u00f3n que deber\u00eda suplirla es Uruguay. Y es as\u00ed porque en los partidos de clasificaci\u00f3n que se realizaron en enero de 2015, los <em>Charr\u00faas<\/em>, quedaron en la tercera plaza, detr\u00e1s de Colombia, Argentina y el anfitri\u00f3n Brasil.<\/p>\n<p>Los <em>Charr\u00faas<\/em>\u00a0han comenzado a tomar partido de su posible participaci\u00f3n y, aunque esperan la decisi\u00f3n final de la AFA, desde ahora est\u00e1n en toda la disposici\u00f3n de negociar con algunos clubes el pr\u00e9stamo de los tres refuerzos as\u00ed como de presentar la convocatoria en cualquier momento.<\/p>\n<p>&#8220;Habl\u00e9 con Gerardo Werthein y ante la crisis de la AFA tienen problemas con los clubes, que no quieren prestar a sus jugadores. Tenemos que esperar un tiempo para ver que deciden\u201d, afirm\u00f3 el presidente del Comit\u00e9 Ol\u00edmpico Uruguayo,\u00a0Julio C\u00e9sar Maglione.<\/p>\n<p>&nbsp;<\/p>\n<p>&nbsp;<\/p>\n","protected":false},"excerpt":{"rendered":"<p>La AFA contempla renunciar a participar en la justa de R\u00edo de Janeiro<\/p>\n","protected":false},"author":20,"featured_media":408701,"comment_status":"closed","ping_status":"closed","sticky":false,"template":"","format":"standard","meta":[],"categories":[3839,5951],"tags":[5996,503],"_links":{"self":[{"href":"http:\/\/desarrollo.grupomedios.com\/futbol\/wp-json\/wp\/v2\/posts\/408691"}],"collection":[{"href":"http:\/\/desarrollo.grupomedios.com\/futbol\/wp-json\/wp\/v2\/posts"}],"about":[{"href":"http:\/\/desarrollo.grupomedios.com\/futbol\/wp-json\/wp\/v2\/types\/post"}],"author":[{"embeddable":true,"href":"http:\/\/desarrollo.grupomedios.com\/futbol\/wp-json\/wp\/v2\/users\/20"}],"replies":[{"embeddable":true,"href":"http:\/\/desarrollo.grupomedios.com\/futbol\/wp-json\/wp\/v2\/comments?post=408691"}],"version-history":[{"count":0,"href":"http:\/\/desarrollo.grupomedios.com\/futbol\/wp-json\/wp\/v2\/posts\/408691\/revisions"}],"wp:featuredmedia":[{"embeddable":true,"href":"http:\/\/desarrollo.grupomedios.com\/futbol\/wp-json\/wp\/v2\/media\/408701"}],"wp:attachment":[{"href":"http:\/\/desarrollo.grupomedios.com\/futbol\/wp-json\/wp\/v2\/media?parent=408691"}],"wp:term":[{"taxonomy":"category","embeddable":true,"href":"http:\/\/desarrollo.grupomedios.com\/futbol\/wp-json\/wp\/v2\/categories?post=408691"},{"taxonomy":"post_tag","embeddable":true,"href":"http:\/\/desarrollo.grupomedios.com\/futbol\/wp-json\/wp\/v2\/tags?post=408691"}],"curies":[{"name":"wp","href":"https:\/\/api.w.org\/{rel}","templated":true}]}}