{"id":408703,"date":"2016-07-05T20:32:19","date_gmt":"2016-07-06T01:32:19","guid":{"rendered":"http:\/\/www.futboltotal.com.mx\/?p=408703"},"modified":"2016-07-05T20:32:19","modified_gmt":"2016-07-06T01:32:19","slug":"uefa-quiere-festejo-ninos-en-la-cancha","status":"publish","type":"post","link":"http:\/\/desarrollo.grupomedios.com\/futbol\/futbol-internacional\/uefa-quiere-festejo-ninos-en-la-cancha\/2016\/07","title":{"rendered":"UEFA no quiere festejo con ni\u00f1os en la cancha"},"content":{"rendered":"<p>La <strong>UEFA\u00a0<\/strong>pidi\u00f3\u00a0que por motivos de seguridad, s\u00f3lo accedan al campo al final de los partidos personas con acreditaci\u00f3n oficial, despu\u00e9s de que en los \u00faltimos encuentros de la <a href=\"http:\/\/www.futboltotal.com.mx\/eurocopa-2016\/\" target=\"_blank\"><strong>Eurocopa<\/strong><\/a> hayan entrado al c\u00e9sped los hijos de algunos jugadores.<\/p>\n<p>As\u00ed lo ha comentado el director ejecutivo de la <strong>Eurocopa<\/strong> 2016, el suizo Martin Kallen, quien ha insistido en la responsabilidad del organismo de garantizar la seguridad dentro de los estadios y de identificar los riesgos.<\/p>\n<blockquote class=\"twitter-tweet\" data-lang=\"es\">\n<p dir=\"ltr\" lang=\"es\">Partidos de semifinales de la <a href=\"https:\/\/twitter.com\/hashtag\/EURO2016?src=hash\">#EURO2016<\/a>&#8230;<\/p>\n<p>\u00bfQui\u00e9n llegar\u00e1 a la gran final? <a href=\"https:\/\/t.co\/zJ0bquAe3n\">pic.twitter.com\/zJ0bquAe3n<\/a><\/p>\n<p>\u2014 UEFA.com en espa\u00f1ol (@UEFAcom_es) <a href=\"https:\/\/twitter.com\/UEFAcom_es\/status\/750008900351627264\">4 de julio de 2016<\/a><\/p><\/blockquote>\n<p><script src=\"\/\/platform.twitter.com\/widgets.js\" async=\"\" charset=\"utf-8\"><\/script><\/p>\n<p>&#8220;No estamos totalmente en contra, pero tenemos que ser prudentes y garantizar la seguridad. Cada vez parece que hay una mayor costumbre, pero esto es un campeonato de Europa, no una fiesta familiar. En nuestra opini\u00f3n debe haber un cierto orden. Al c\u00e9sped s\u00f3lo pueden acceder personas con acreditaci\u00f3n, nadie m\u00e1s&#8221;, se\u00f1al\u00f3.\u00a0<\/p>\n<p>En un encuentro con diversos medios, Kallen se referi\u00f3 tambi\u00e9n a la necesidad de preservar el c\u00e9sped de los estadios y conf\u00eda en que el del Estadio de Francia para la final del pr\u00f3ximo domingo d\u00eda 10 estar\u00e1 &#8220;en buenas condiciones&#8221;, aunque &#8220;no excelente&#8221;.<\/p>\n<blockquote class=\"twitter-tweet\" data-lang=\"es\"><p>\nLa mejor previa del <a href=\"https:\/\/twitter.com\/hashtag\/POR?src=hash\">#POR<\/a> &#8211; <a href=\"https:\/\/twitter.com\/hashtag\/WAL?src=hash\">#WAL<\/a>: <a href=\"https:\/\/t.co\/OKseP5vvDf\">https:\/\/t.co\/OKseP5vvDf<\/a><a href=\"https:\/\/twitter.com\/hashtag\/PORWAL?src=hash\">#PORWAL<\/a> <a href=\"https:\/\/twitter.com\/hashtag\/EURO2016?src=hash\">#EURO2016<\/a> <a href=\"https:\/\/t.co\/XBQaezRSvU\">pic.twitter.com\/XBQaezRSvU<\/a><\/p>\n<p>\u2014 UEFA.com en espa\u00f1ol (@UEFAcom_es) <a href=\"https:\/\/twitter.com\/UEFAcom_es\/status\/750404306088632320\">5 de julio de 2016<\/a>\n<\/p><\/blockquote>\n<p><script src=\"\/\/platform.twitter.com\/widgets.js\" async=\"\" charset=\"utf-8\"><\/script><\/p>\n<p>&#8220;No deber\u00eda ser un problema, tenemos m\u00e1s o menos una semana y en los \u00faltimos partidos pudimos ver que el c\u00e9sped del Stade de France era de bastante mejor calidad&#8221;, ha comentado tras afirmar que en el campo de Marsella, donde se jugar\u00e1 dentro de dos d\u00edas la semifinal entre Francia y Alemania, se ver\u00e1 &#8220;el mejor c\u00e9sped desde el inicio de la competici\u00f3n&#8221;.<\/p>\n<p>&nbsp;<\/p>\n<p>&nbsp;<\/p>\n<p><span style=\"color: #ff0000;\"><strong>VIDEO<\/strong>: Las mejores aficiones de la Eurocopa<\/span><\/p>\n<p>[video_player]https:\/\/player.vimeo.com\/external\/173499566.sd.mp4?s=e7f52fb3429dac9c2cd9f4bfb6168e261587a07b&amp;profile_id=165[\/video_player]<\/p>\n","protected":false},"excerpt":{"rendered":"<p>&#8220;Tenemos que ser prudentes y garantizar la seguridad&#8221;<\/p>\n","protected":false},"author":144,"featured_media":408705,"comment_status":"closed","ping_status":"closed","sticky":false,"template":"","format":"standard","meta":[],"categories":[6995,3839,6999,5951],"tags":[2236],"_links":{"self":[{"href":"http:\/\/desarrollo.grupomedios.com\/futbol\/wp-json\/wp\/v2\/posts\/408703"}],"collection":[{"href":"http:\/\/desarrollo.grupomedios.com\/futbol\/wp-json\/wp\/v2\/posts"}],"about":[{"href":"http:\/\/desarrollo.grupomedios.com\/futbol\/wp-json\/wp\/v2\/types\/post"}],"author":[{"embeddable":true,"href":"http:\/\/desarrollo.grupomedios.com\/futbol\/wp-json\/wp\/v2\/users\/144"}],"replies":[{"embeddable":true,"href":"http:\/\/desarrollo.grupomedios.com\/futbol\/wp-json\/wp\/v2\/comments?post=408703"}],"version-history":[{"count":0,"href":"http:\/\/desarrollo.grupomedios.com\/futbol\/wp-json\/wp\/v2\/posts\/408703\/revisions"}],"wp:featuredmedia":[{"embeddable":true,"href":"http:\/\/desarrollo.grupomedios.com\/futbol\/wp-json\/wp\/v2\/media\/408705"}],"wp:attachment":[{"href":"http:\/\/desarrollo.grupomedios.com\/futbol\/wp-json\/wp\/v2\/media?parent=408703"}],"wp:term":[{"taxonomy":"category","embeddable":true,"href":"http:\/\/desarrollo.grupomedios.com\/futbol\/wp-json\/wp\/v2\/categories?post=408703"},{"taxonomy":"post_tag","embeddable":true,"href":"http:\/\/desarrollo.grupomedios.com\/futbol\/wp-json\/wp\/v2\/tags?post=408703"}],"curies":[{"name":"wp","href":"https:\/\/api.w.org\/{rel}","templated":true}]}}