{"id":408711,"date":"2016-07-05T20:38:44","date_gmt":"2016-07-06T01:38:44","guid":{"rendered":"http:\/\/www.futboltotal.com.mx\/?p=408711"},"modified":"2016-07-05T20:38:44","modified_gmt":"2016-07-06T01:38:44","slug":"eurocopa-2020-seguira-24-selecciones","status":"publish","type":"post","link":"http:\/\/desarrollo.grupomedios.com\/futbol\/futbol-internacional\/eurocopa-2020-seguira-24-selecciones\/2016\/07","title":{"rendered":"Eurocopa 2020 seguir\u00e1 con 24 selecciones"},"content":{"rendered":"<p>La <strong>UEFA<\/strong> considera que el formato de la <a href=\"http:\/\/www.futboltotal.com.mx\/eurocopa-2016\/\" target=\"_blank\"><strong>Eurocopa<\/strong><\/a> con 24 selecciones &#8220;ha funcionado&#8221; y que se mantendr\u00e1 para la edici\u00f3n de 2020, que se disputar\u00e1 en 13 pa\u00edses.<\/p>\n<p>&#8220;Creo que el nuevo formato se mantendr\u00e1. En la Euro 2020 se jugar\u00e1 con el mismo formato y a\u00fan queda mucho tiempo para el 2024. Muchos estaban preocupados por si no funcionaba y funcion\u00f3. Hemos visto, incluso, dos equipos (Islandia y Gales) que llegaron m\u00e1s lejos de lo nunca nadie hubiera cre\u00eddo&#8221;, dijo Martin Kallen, director ejecutivo del torneo.<\/p>\n<blockquote class=\"twitter-tweet\" data-lang=\"es\">\n<p dir=\"ltr\" lang=\"es\">Partidos de semifinales de la <a href=\"https:\/\/twitter.com\/hashtag\/EURO2016?src=hash\">#EURO2016<\/a>&#8230;<\/p>\n<p>\u00bfQui\u00e9n llegar\u00e1 a la gran final? <a href=\"https:\/\/t.co\/zJ0bquAe3n\">pic.twitter.com\/zJ0bquAe3n<\/a><\/p>\n<p>\u2014 UEFA.com en espa\u00f1ol (@UEFAcom_es) <a href=\"https:\/\/twitter.com\/UEFAcom_es\/status\/750008900351627264\">4 de julio de 2016<\/a><\/p><\/blockquote>\n<p><script src=\"\/\/platform.twitter.com\/widgets.js\" async=\"\" charset=\"utf-8\"><\/script><\/p>\n<p>Kallen se mostr\u00f3 &#8220;muy satisfecho&#8221;, desde un punto de vista operativo, de c\u00f3mo han ido las cosas. &#8220;Hemos trabajado muy bien con las autoridades francesas, especialmente en los aspectos de seguridad. Los aficionados han mostrado un gran entusiasmo y las selecciones tambi\u00e9n est\u00e1n satisfechas&#8221;, destac\u00f3 en un encuentro con varios medios.<\/p>\n<p><span style=\"color: #ff0000;\"><strong>VIDEO<\/strong>: Las mejores aficiones de la Eurocopa<\/span><\/p>\n<p>[video_player]https:\/\/player.vimeo.com\/external\/173499566.sd.mp4?s=e7f52fb3429dac9c2cd9f4bfb6168e261587a07b&amp;profile_id=165[\/video_player]<\/p>\n","protected":false},"excerpt":{"rendered":"<p>Consideran que el formato fue un \u00e9xito<\/p>\n","protected":false},"author":144,"featured_media":408712,"comment_status":"closed","ping_status":"closed","sticky":false,"template":"","format":"standard","meta":[],"categories":[6995,3839,6999],"tags":[2236],"_links":{"self":[{"href":"http:\/\/desarrollo.grupomedios.com\/futbol\/wp-json\/wp\/v2\/posts\/408711"}],"collection":[{"href":"http:\/\/desarrollo.grupomedios.com\/futbol\/wp-json\/wp\/v2\/posts"}],"about":[{"href":"http:\/\/desarrollo.grupomedios.com\/futbol\/wp-json\/wp\/v2\/types\/post"}],"author":[{"embeddable":true,"href":"http:\/\/desarrollo.grupomedios.com\/futbol\/wp-json\/wp\/v2\/users\/144"}],"replies":[{"embeddable":true,"href":"http:\/\/desarrollo.grupomedios.com\/futbol\/wp-json\/wp\/v2\/comments?post=408711"}],"version-history":[{"count":0,"href":"http:\/\/desarrollo.grupomedios.com\/futbol\/wp-json\/wp\/v2\/posts\/408711\/revisions"}],"wp:featuredmedia":[{"embeddable":true,"href":"http:\/\/desarrollo.grupomedios.com\/futbol\/wp-json\/wp\/v2\/media\/408712"}],"wp:attachment":[{"href":"http:\/\/desarrollo.grupomedios.com\/futbol\/wp-json\/wp\/v2\/media?parent=408711"}],"wp:term":[{"taxonomy":"category","embeddable":true,"href":"http:\/\/desarrollo.grupomedios.com\/futbol\/wp-json\/wp\/v2\/categories?post=408711"},{"taxonomy":"post_tag","embeddable":true,"href":"http:\/\/desarrollo.grupomedios.com\/futbol\/wp-json\/wp\/v2\/tags?post=408711"}],"curies":[{"name":"wp","href":"https:\/\/api.w.org\/{rel}","templated":true}]}}