{"id":408716,"date":"2016-07-06T15:30:19","date_gmt":"2016-07-06T20:30:19","guid":{"rendered":"http:\/\/www.futboltotal.com.mx\/?p=408716"},"modified":"2016-07-06T16:07:30","modified_gmt":"2016-07-06T21:07:30","slug":"en-vivo-portugal-vs-gales-eurocopa","status":"publish","type":"post","link":"http:\/\/desarrollo.grupomedios.com\/futbol\/futbol-internacional\/en-vivo-portugal-vs-gales-eurocopa\/2016\/07","title":{"rendered":"AS\u00cd SE VIVI\u00d3 | Portugal 2-0 Gales | Euro 2016"},"content":{"rendered":"<p>90:00 | Lo portugueses esparar\u00e1n al ganador entre Francia y Alemania.<\/p>\n<p><span style=\"color: #ff0000;\">90:00<\/span> | \u00a1Se termin\u00f3, Portugal est\u00e1 en la Final de la Euro 2016!<\/p>\n<p><span style=\"color: #ff0000;\">90:00<\/span> | Se cumple el tiempo reglamentario y el \u00e1rbitro agrega tres minutos m\u00e1s para que Portugal regrese a la Final.<\/p>\n<p><span style=\"color: #ff0000;\">88:00<\/span> | Falta de Bale sobre C\u00e9dric y el capit\u00e1n de Gales es amonestado<\/p>\n<p><span style=\"color: #ff0000;\">86:00<\/span> | Otro cambio de Portugal. Sale Nani y entra Ricardo Quaresma<\/p>\n<p><span style=\"color: #ff0000;\">85:00<\/span> | Pase largo para Cristiano pero no puede burlarse al arquero y manda el bal\u00f3n por fuera. 2-0 gana Portugal.<\/p>\n<p><span style=\"color: #ff0000;\">80:00<\/span> | \u00a1Uy, Bale! Disparo de adelante de media cancha y el bal\u00f3n hizo una curva rechaz\u00f3 el arquero portugu\u00e9s:<\/p>\n<p><span style=\"color: #ff0000;\">79:00<\/span> | Portugal realiza su segundo cambio en el partido. Sale Adrien Silva y entra Joao Moutinho.<\/p>\n<p><span style=\"color: #ff0000;\">78:00<\/span> | \u00a1La que se perdi\u00f3 Danilo! El central quedo solo en el \u00e1rea galesa y le regal\u00f3 su tiro al arquero brit\u00e1nico.<\/p>\n<p><span style=\"color: #ff0000;\">76:00<\/span> | Tiro de Bale&#8230; \u00a1A las manos de Ru\u00ed Patricio!<\/p>\n<p><span style=\"color: #ff0000;\">73:00<\/span> | Cambio para Portugal, sale Renato Sanches y entra Andr\u00e9 Gomes.<\/p>\n<p><span style=\"color: #ff0000;\">72:00<\/span> | Tarjeta amarilla para Cristiano Ronaldo.<\/p>\n<p><span style=\"color: #ff0000;\">70:00<\/span> | \u00a1Cristiano, cerca! Otro remate de Ronaldo en tiro de esquina, pero Hennessey lo atrapa bien.<\/p>\n<p><span style=\"color: #ff0000;\">66:00<\/span> | Gales realiza su \u00faltimo cambio y apuesta todo por el partido. Salio Collins y entr\u00f3 Williams.<\/p>\n<p><span style=\"color: #ff0000;\">65:00<\/span> | \u00a1Se la pierde Portugal! Hennessey escupe un disparo de Nani y Joao Mario remata el bal\u00f3n hacia afuera.<\/p>\n<blockquote class=\"twitter-tweet\" data-lang=\"es\">\n<p dir=\"ltr\" lang=\"es\"><a href=\"https:\/\/twitter.com\/hashtag\/EurocopaEnTD?src=hash\">#EurocopaEnTD<\/a> Perdona <a href=\"https:\/\/twitter.com\/hashtag\/POR?src=hash\">#POR<\/a> \u00a1EN VIVO! en TDcom <a href=\"https:\/\/t.co\/CEXd3Xrfs5\">https:\/\/t.co\/CEXd3Xrfs5<\/a> <a href=\"https:\/\/t.co\/rRPN67yC9N\">https:\/\/t.co\/rRPN67yC9N<\/a><\/p>\n<p>\u2014 Televisa Deportes (@TD_Deportes) <a href=\"https:\/\/twitter.com\/TD_Deportes\/status\/750787008314740736\">6 de julio de 2016<\/a><\/p><\/blockquote>\n<p><script src=\"\/\/platform.twitter.com\/widgets.js\" async=\"\" charset=\"utf-8\"><\/script><br \/>\n <span style=\"color: #ff0000;\">63:30<\/span> | Segundo cambio de Gales, se fue Robson Kanu y entro Church.<\/p>\n<p><span style=\"color: #ff0000;\">63:00<\/span> | \u00a1Cerca Cristiano! Disparo de larga distancia que pasa rozando el travesa\u00f1o. Seguimos 2-0.<\/p>\n<p><span style=\"color: #ff0000;\">61:00<\/span> | Falta sobre Cristiano cerca del \u00e1rea. El n\u00famero 7 portugu\u00e9s tendr\u00e1 la oportunidad del tercero.<\/p>\n<p><span style=\"color: #ff0000;\">57:00<\/span> | Primer cambio de Gales: sale Ledley y entra Vokes<\/p>\n<p><span style=\"color: #ff0000;\">54:00<\/span> | As\u00ed desvi\u00f3 Nani el tiro de Cristiano para marcar el segundo.<\/p>\n<blockquote class=\"twitter-tweet\" data-lang=\"es\"><p>\n<a href=\"https:\/\/twitter.com\/hashtag\/EurocopaEnTD?src=hash\">#EurocopaEnTD<\/a> \u00a1GOOOOL DE <a href=\"https:\/\/twitter.com\/hashtag\/POR?src=hash\">#POR<\/a>! Nani hace el segundo \u00a1EN VIVO! en TDcom <a href=\"https:\/\/t.co\/CEXd3Xrfs5\">https:\/\/t.co\/CEXd3Xrfs5<\/a> <a href=\"https:\/\/t.co\/YYI4KQKwTa\">https:\/\/t.co\/YYI4KQKwTa<\/a><\/p>\n<p>\u2014 Televisa Deportes (@TD_Deportes) <a href=\"https:\/\/twitter.com\/TD_Deportes\/status\/750783879405969408\">6 de julio de 2016<\/a>\n<\/p><\/blockquote>\n<p><script src=\"\/\/platform.twitter.com\/widgets.js\" async=\"\" charset=\"utf-8\"><\/script><\/p>\n<p><span style=\"color: #ff0000;\">53:00<\/span> | \u00a1GOOOOOOOOOOOOOOL DE PORTUGAL! Luis Nani desv\u00eda el bal\u00f3n en tiro de Cristiano y anota el segundo.<\/p>\n<p><span style=\"color: #ff0000;\">51: 00<\/span> | Con este gol, Cristiano Ronaldo igual\u00f3 a Michel Platini como el m\u00e1ximo anotador de la Euro. Ambos tienen 9 goles.<\/p>\n<p><span style=\"color: #ff0000;\">50:00<\/span> | Tiro de esquina por izquierda y Cristiano se eleva para meter un cabezazo extraordinario. 1-0<\/p>\n<blockquote class=\"twitter-tweet\" data-lang=\"es\">\n<p dir=\"ltr\" lang=\"es\"><a href=\"https:\/\/twitter.com\/hashtag\/EurocopaEnTD?src=hash\">#EurocopaEnTD<\/a> \u00a1GOOOOL DE <a href=\"https:\/\/twitter.com\/hashtag\/POR?src=hash\">#POR<\/a>! Cristiano abre el marcador \u00a1EN VIVO! en TDcom <a href=\"https:\/\/t.co\/CEXd3Xrfs5\">https:\/\/t.co\/CEXd3Xrfs5<\/a> <a href=\"https:\/\/t.co\/JOLyEPWFWF\">https:\/\/t.co\/JOLyEPWFWF<\/a><\/p>\n<p>\u2014 Televisa Deportes (@TD_Deportes) <a href=\"https:\/\/twitter.com\/TD_Deportes\/status\/750783156903481344\">6 de julio de 2016<\/a><\/p><\/blockquote>\n<p><script src=\"\/\/platform.twitter.com\/widgets.js\" async=\"\" charset=\"utf-8\"><\/script><\/p>\n<p><span style=\"color: #ff0000;\">50:00<\/span> | \u00a1GOOOOOOOOOOOOOOOOOOOL DE PORTUGAL!! \u00a0Cristiano Ronaldo abre el marcador.<\/p>\n<p><span style=\"color: #ff0000;\">45:01<\/span> | \u00a1Arranca la segunda mitad! Tenemos otros 45 minutos para conocer al primer finalista de la Euro.<\/p>\n<p><span style=\"color: #ff0000;\">45:00<\/span> | Finaliza el primer tiempo. Portugal y Gales empatan 0-0 en un partido muy disputado en mediocampo.<\/p>\n<p><span style=\"color: #ff0000;\">43:00<\/span> | \u00a1Ay, Cristiano! El portugu\u00e9s remat\u00f3 de cabeza pero sali\u00f3 muy desviado. Se pierde una clara el lusitano<\/p>\n<p><span style=\"color: #ff0000;\">35:00<\/span> | El partido est\u00e1 muy cerrado, ninguno de los dos equipos se atreve a ir por el primer gol. Muy apretado t\u00e1cticamente.<\/p>\n<p><span style=\"color: #ff0000;\">29:00<\/span> | Ceeee\u00e9dric&#8230;&#8230; El portugu\u00e9s dispar\u00f3 de larga distancia y su disparo fue muy arriba de la porter\u00eda de Hennessey<\/p>\n<p><span style=\"color: #ff0000;\">24:00<\/span> | Centro de Robson Kanu y remata King, pero su remate es desviado. Gales est\u00e1 siendo mejor que Portugal&#8230;<\/p>\n<p><span style=\"color: #ff0000;\">22:00<\/span> | \u00a1Otra vez Gareth Bale! Gran carrera con bal\u00f3n controlado y su disparo sale al centro del marco, donde ataj\u00f3 Patricio.<\/p>\n<p><img decoding=\"async\" loading=\"lazy\" class=\"alignnone size-full wp-image-408862\" src=\"http:\/\/www.futboltotal.com.mx\/wp-content\/uploads\/2016\/07\/gareth-bale-remate.jpg\" alt=\"gareth-bale-remate\" srcset=\"http:\/\/desarrollo.grupomedios.com\/futbol\/wp-content\/uploads\/2016\/07\/gareth-bale-remate.jpg 858w, http:\/\/desarrollo.grupomedios.com\/futbol\/wp-content\/uploads\/2016\/07\/gareth-bale-remate-300x151.jpg 300w, http:\/\/desarrollo.grupomedios.com\/futbol\/wp-content\/uploads\/2016\/07\/gareth-bale-remate-768x386.jpg 768w, http:\/\/desarrollo.grupomedios.com\/futbol\/wp-content\/uploads\/2016\/07\/gareth-bale-remate-340x171.jpg 340w\" sizes=\"(max-width: 858px) 100vw, 858px\" \/><\/p>\n<p><span style=\"color: #ff0000;\">21:00<\/span> | Bale y Cristiano compiten en carrera larga pero el portugu\u00e9s no pudo evitar un centro peligroso que qued\u00f3 en manos de Ru\u00ed Patricio<\/p>\n<p><span style=\"color: #ff0000;\">19:00<\/span> | \u00a1Cerca Bale! Gran jugada prefabricada: el bal\u00f3n va al centro del \u00e1rea y Bale remata de volea aunque su disparo se va por encima.<\/p>\n<p><span style=\"color: #ff0000;\">18:00<\/span> | Tiro de esquina por la parte izquierda para Gales, cobrar\u00e1 Ledley.<\/p>\n<p><span style=\"color: #ff0000;\">14:00<\/span> | \u00a1Uy, cerca Portugal! Gran pared de Joao Mario con Cristiano y el n\u00famero 10 portugu\u00e9s manda su disparo por un lado.<\/p>\n<p><span style=\"color: #ff0000;\">12:00<\/span> <strong>|\u00a0<\/strong>Despu\u00e9s de 10 minutos, Portugal domina con el manejo de bal\u00f3n, mientras Gales espera en su propio campo.<\/p>\n<p><span style=\"color: #ff0000;\">10:00<\/span> <strong>| <\/strong>Gran centro de C\u00e9dric por la banda izquierda y Cristiano Ronaldo no alcanza a rematar ante la ferrea marca de Collins. El luso reclam\u00f3 un penal y el \u00e1rbitro no marca nada.<\/p>\n<p><span style=\"color: #ff0000;\">08:00<\/span> <strong>|\u00a0<\/strong>Segunda falta de Allen. Ahora derriba a Nani y el \u00e1rbitro lo amonesta.<\/p>\n<p><img decoding=\"async\" loading=\"lazy\" class=\"alignnone size-full wp-image-408850\" src=\"http:\/\/www.futboltotal.com.mx\/wp-content\/uploads\/2016\/07\/Allen.jpg\" alt=\"Allen\" srcset=\"http:\/\/desarrollo.grupomedios.com\/futbol\/wp-content\/uploads\/2016\/07\/Allen.jpg 858w, http:\/\/desarrollo.grupomedios.com\/futbol\/wp-content\/uploads\/2016\/07\/Allen-300x151.jpg 300w, http:\/\/desarrollo.grupomedios.com\/futbol\/wp-content\/uploads\/2016\/07\/Allen-768x386.jpg 768w, http:\/\/desarrollo.grupomedios.com\/futbol\/wp-content\/uploads\/2016\/07\/Allen-340x171.jpg 340w\" sizes=\"(max-width: 858px) 100vw, 858px\" \/><\/p>\n<p><span style=\"color: #ff0000;\">06:00<\/span> | Cedric mete un pelotazo buscando a CR7, pero Chester realiza una buena cobertura y al luso se le escapa el esf\u00e9rico.<\/p>\n<p><span style=\"color: #ff0000;\">04:00<\/span> | Primera descolgada de Cristiano por el centro del campo y Williams lo frena con una dura entrada. Hab\u00eda falta, pero el \u00e1rbitro dej\u00f3 correr la jugada.<\/p>\n<p><span style=\"color: #ff0000;\">02:00<\/span> | Primera falta del partido. Allen derriba a Guerreiro en el mediocampo; el arbitr\u00f3 le pide juego limpio y lo advierte de amonestaci\u00f3n.<\/p>\n<p><span style=\"color: #ff0000;\">00:00<\/span> | Rueda el bal\u00f3n y arranca la primera semifinal de la Euro. Mueve el equipo de Gales&#8230;.<\/p>\n<p><span style=\"color: #ff0000;\">00:00<\/span> | Todo listo para que arranque el partido&#8230;<\/p>\n<p><span style=\"color: #ff0000;\">00:00<\/span> | Ahora la ceremonia del volado la realizan los capitanes Cristiano y Williams.<\/p>\n<p><span style=\"color: #ff0000;\">00:00<\/span> | \u00a0Los equipos han saltado a la cancha para la ceremonia protocolaria y ya han sonado los Himnos.<\/p>\n<p><span style=\"color: #ff0000;\">00:00<\/span> | As\u00ed sale Portugal<\/p>\n<blockquote class=\"twitter-video\" data-lang=\"es\"><p>\nHere&#8217;s a reminder of the <a href=\"https:\/\/twitter.com\/hashtag\/POR?src=hash\">#POR<\/a> lineup. <a href=\"https:\/\/twitter.com\/hashtag\/PORWAL?src=hash\">#PORWAL<\/a> <a href=\"https:\/\/twitter.com\/hashtag\/EURO2016?src=hash\">#EURO2016<\/a><\/p>\n<p>Follow it LIVE: <a href=\"https:\/\/t.co\/mUJRHo5GfB\">https:\/\/t.co\/mUJRHo5GfB<\/a> <a href=\"https:\/\/t.co\/bSBeFMrlB4\">pic.twitter.com\/bSBeFMrlB4<\/a><\/p>\n<p>\u2014 UEFA EURO 2016 (@UEFAEURO) <a href=\"https:\/\/twitter.com\/UEFAEURO\/status\/750764359765426185\">6 de julio de 2016<\/a>\n<\/p><\/blockquote>\n<p><script src=\"\/\/platform.twitter.com\/widgets.js\" async=\"\" charset=\"utf-8\"><\/script><br \/>\n<span style=\"color: #ff0000;\">0:00<\/span> | Esta es la formaci\u00f3n con la Gales buscar\u00e1 hacer historia.<\/p>\n<blockquote class=\"twitter-video\" data-lang=\"es\"><p>And this is the <a href=\"https:\/\/twitter.com\/hashtag\/WAL?src=hash\">#WAL<\/a> XI that makes history tonight. <a href=\"https:\/\/twitter.com\/hashtag\/PORWAL?src=hash\">#PORWAL<\/a> <a href=\"https:\/\/twitter.com\/hashtag\/EURO2016?src=hash\">#EURO2016<\/a><\/p>\n<p>Follow it LIVE: <a href=\"https:\/\/t.co\/mUJRHo5GfB\">https:\/\/t.co\/mUJRHo5GfB<\/a> <a href=\"https:\/\/t.co\/qGlF7IPsUA\">pic.twitter.com\/qGlF7IPsUA<\/a><\/p>\n<p>\u2014 UEFA EURO 2016 (@UEFAEURO) <a href=\"https:\/\/twitter.com\/UEFAEURO\/status\/750764724875296772\">6 de julio de 2016<\/a><\/p><\/blockquote>\n<p><script src=\"\/\/platform.twitter.com\/widgets.js\" async=\"\" charset=\"utf-8\"><\/script><\/p>\n<p><span style=\"color: #ff0000;\">0:00<\/span> | El primer Himno Nacional en entonarse ser\u00e1 el de Gales.<\/p>\n<p><span style=\"color: #ff0000;\">0:00<\/span> | Ya salen los equipos a la cancha. Portugal y Gales disputar\u00e1n el primer pase a las Semifinales de la Euro 2016.<\/p>\n<p><span style=\"color: #ff0000;\">0:00<\/span> | Tambi\u00e9n Gareth Bale ya est\u00e1 en la cancha de Lyon.<\/p>\n<p><img decoding=\"async\" loading=\"lazy\" class=\"alignnone size-full wp-image-408835\" src=\"http:\/\/www.futboltotal.com.mx\/wp-content\/uploads\/2016\/07\/bale-gales-calentando.jpg\" alt=\"bale-gales-calentando\" srcset=\"http:\/\/desarrollo.grupomedios.com\/futbol\/wp-content\/uploads\/2016\/07\/bale-gales-calentando.jpg 858w, http:\/\/desarrollo.grupomedios.com\/futbol\/wp-content\/uploads\/2016\/07\/bale-gales-calentando-300x151.jpg 300w, http:\/\/desarrollo.grupomedios.com\/futbol\/wp-content\/uploads\/2016\/07\/bale-gales-calentando-768x386.jpg 768w, http:\/\/desarrollo.grupomedios.com\/futbol\/wp-content\/uploads\/2016\/07\/bale-gales-calentando-340x171.jpg 340w\" sizes=\"(max-width: 858px) 100vw, 858px\" \/><\/p>\n<p><span style=\"color: #ff0000;\">0:00<\/span> | Ambos equipos ya se encuentran calentando. Aqu\u00ed vemos a Cristiano Ronaldo calentando previo al juego.<\/p>\n<p><img decoding=\"async\" loading=\"lazy\" class=\"alignnone size-full wp-image-408834\" src=\"http:\/\/www.futboltotal.com.mx\/wp-content\/uploads\/2016\/07\/cristiano-calentando.jpg\" alt=\"cristiano-calentando\" srcset=\"http:\/\/desarrollo.grupomedios.com\/futbol\/wp-content\/uploads\/2016\/07\/cristiano-calentando.jpg 858w, http:\/\/desarrollo.grupomedios.com\/futbol\/wp-content\/uploads\/2016\/07\/cristiano-calentando-300x151.jpg 300w, http:\/\/desarrollo.grupomedios.com\/futbol\/wp-content\/uploads\/2016\/07\/cristiano-calentando-768x386.jpg 768w, http:\/\/desarrollo.grupomedios.com\/futbol\/wp-content\/uploads\/2016\/07\/cristiano-calentando-340x171.jpg 340w\" sizes=\"(max-width: 858px) 100vw, 858px\" \/><\/p>\n<p><span style=\"color: #ff0000;\">0:00<\/span> | Hace unas semanas le daban la Champions League n\u00famero 11 al Real Madrid, hoy buscan el pase a la Final de la Euro 2016.<\/p>\n<blockquote class=\"twitter-tweet\" data-lang=\"es\"><p>\nHace seis semanas jugaban juntos la final de la <a href=\"https:\/\/twitter.com\/hashtag\/UCL?src=hash\">#UCL<\/a>&#8230; Esta noche se enfrentan en las semifinales de la <a href=\"https:\/\/twitter.com\/hashtag\/EURO2016?src=hash\">#EURO2016<\/a> <a href=\"https:\/\/t.co\/L65yO6r8gg\">pic.twitter.com\/L65yO6r8gg<\/a><\/p>\n<p>\u2014 UEFA.com en espa\u00f1ol (@UEFAcom_es) <a href=\"https:\/\/twitter.com\/UEFAcom_es\/status\/750740462944780288\">6 de julio de 2016<\/a>\n<\/p><\/blockquote>\n<p><script src=\"\/\/platform.twitter.com\/widgets.js\" async=\"\" charset=\"utf-8\"><\/script><\/p>\n<p><span style=\"color: #ff0000;\">0:00<\/span> | Adem\u00e1s de su enfrentamiento con Gareth Bale, Cristiano se podr\u00eda convertir en el segundo jugador en marcar en dos Semifinales distintas.<\/p>\n<blockquote class=\"twitter-tweet\" data-lang=\"es\"><p>.<a href=\"https:\/\/twitter.com\/Cristiano\">@Cristiano<\/a> podr\u00eda convertirse en el primer jugador en marcar en dos semifinales distintas desde 1964 <a href=\"https:\/\/twitter.com\/hashtag\/POR?src=hash\">#POR<\/a> <a href=\"https:\/\/twitter.com\/hashtag\/EURO2016?src=hash\">#EURO2016<\/a> <a href=\"https:\/\/t.co\/CPf2BQxrH4\">pic.twitter.com\/CPf2BQxrH4<\/a><\/p>\n<p>\u2014 UEFA.com en espa\u00f1ol (@UEFAcom_es) <a href=\"https:\/\/twitter.com\/UEFAcom_es\/status\/750746280306040835\">6 de julio de 2016<\/a><\/p><\/blockquote>\n<p><script src=\"\/\/platform.twitter.com\/widgets.js\" async=\"\" charset=\"utf-8\"><\/script><\/p>\n<p><span style=\"color: #ff0000;\">0:00<\/span> |<\/p>\n<blockquote class=\"twitter-tweet\" data-lang=\"es\"><p>\n\u00a1Mucha emoci\u00f3n entre los aficionados de <a href=\"https:\/\/twitter.com\/hashtag\/POR?src=hash\">#POR<\/a> y de <a href=\"https:\/\/twitter.com\/hashtag\/WAL?src=hash\">#WAL<\/a>!<\/p>\n<p>\u00bfQui\u00e9n ganar\u00e1 esta noche?<a href=\"https:\/\/t.co\/EE4Lq5F0gu\">pic.twitter.com\/EE4Lq5F0gu<\/a><\/p>\n<p>\u2014 UEFA.com en espa\u00f1ol (@UEFAcom_es) <a href=\"https:\/\/twitter.com\/UEFAcom_es\/status\/750757103967539200\">6 de julio de 2016<\/a>\n<\/p><\/blockquote>\n<p><script src=\"\/\/platform.twitter.com\/widgets.js\" async=\"\" charset=\"utf-8\"><\/script><\/p>\n<p><span style=\"color: #ff0000;\">0:00<\/span> | Ambos equipos ya presentaron sus alineaciones. Por parte de Portugal, Pepe se perder\u00e1 el partido por lesi\u00f3n, mientras que con Gales no jugar\u00e1 Aaron Ramsey por suspensi\u00f3n.<\/p>\n<blockquote class=\"twitter-tweet\" data-lang=\"es\"><p>Alineaciones del <a href=\"https:\/\/twitter.com\/hashtag\/POR?src=hash\">#POR<\/a> &#8211; <a href=\"https:\/\/twitter.com\/hashtag\/WAL?src=hash\">#WAL<\/a>.<br \/>\nSigue en directo el <a href=\"https:\/\/twitter.com\/hashtag\/PORWAL?src=hash\">#PORWAL<\/a> en nuestro MatchCentre: <a href=\"https:\/\/t.co\/84DuB1MrAj\">https:\/\/t.co\/84DuB1MrAj<\/a><a href=\"https:\/\/twitter.com\/hashtag\/EURO2016?src=hash\">#EURO2016<\/a> <a href=\"https:\/\/t.co\/W7XrlggU2m\">pic.twitter.com\/W7XrlggU2m<\/a><\/p>\n<p>\u2014 UEFA.com en espa\u00f1ol (@UEFAcom_es) <a href=\"https:\/\/twitter.com\/UEFAcom_es\/status\/750753576948039680\">6 de julio de 2016<\/a><\/p><\/blockquote>\n<p><script src=\"\/\/platform.twitter.com\/widgets.js\" async=\"\" charset=\"utf-8\"><\/script><\/p>\n<p><span style=\"color: #ff0000;\">0:00<\/span> | Bienvenidos a nuestro minuto a minuto del partido entre Gales y Portugal por \u00a0las Semifinales de la Euro 2016<\/p>\n<p style=\"text-align: center;\"><strong>PREVIO<\/strong><\/p>\n<p><strong>Portugal<\/strong> y <strong>Gales<\/strong> lideradas por Cristiano Ronaldo y Gareth Bale, respectivamente, disputar\u00e1n este mi\u00e9rcoles\u00a0las <strong>Semifinales<\/strong> de la <a href=\"http:\/\/www.futboltotal.com.mx\/eurocopa-2016\/\" target=\"_blank\"><strong>Eurocopa<\/strong><\/a>\u00a0(14:00 horas),con la selecci\u00f3n lusa inmersa en la b\u00fasqueda de un triunfo que borre las cr\u00edticas por su decepcionante juego y la galesa disfrutando de un sue\u00f1o del que no quiere despertar.<\/p>\n<p>Desde los dos equipos se insiste en que no se trata de un duelo entre Cristiano y Bale, pero ser\u00e1 muy dif\u00edcil abstraerse durante el partido, y no estar pendiente de la evoluci\u00f3n de las dos figuras del Real Madrid.<\/p>\n<p>Sin olvidar al tambi\u00e9n madridista Pepe, que si se recupera a tiempo de sus molestias en un muslo, se encargar\u00e1 de tratar de frenar las embestidas de la figura galesa.<\/p>\n<p>Ser\u00e1 un choque in\u00e9dito para los tres jugadores, puesto que las dos selecciones nunca se hab\u00edan enfrentado en partido oficial. Y los tres amistosos que han jugado, con dos victorias para <strong>Portugal<\/strong> y una para <strong>Gales<\/strong>, no son representativos puesto que el primero se disput\u00f3 en 1949 y el \u00faltimo en el 2000.<\/p>\n<p>La experiencia en estas alturas de la competici\u00f3n podr\u00eda ser una de las claves del partido. El conjunto luso\u00a0ha alcanzado cinco veces las <strong>Semifinales<\/strong> de una <strong>Eurocopa<\/strong>, logrando pasar a la final en dos ocasiones. Mientras que para <strong>Gales<\/strong> ser\u00e1 su primera presencia a las puertas de una final en un torneo internacional.<\/p>\n<p>\u00bfCu\u00e1l es tu pron\u00f3stico para el <strong>Portugal vs. Gales<\/strong>, <em>crack<\/em>?<\/p>\n","protected":false},"excerpt":{"rendered":"<p>\u00bfCristiano o Bale? \u00bfQui\u00e9n pasar\u00e1 a la gran Final? <\/p>\n","protected":false},"author":20,"featured_media":408895,"comment_status":"closed","ping_status":"closed","sticky":false,"template":"","format":"standard","meta":[],"categories":[6995,3839],"tags":[2236],"_links":{"self":[{"href":"http:\/\/desarrollo.grupomedios.com\/futbol\/wp-json\/wp\/v2\/posts\/408716"}],"collection":[{"href":"http:\/\/desarrollo.grupomedios.com\/futbol\/wp-json\/wp\/v2\/posts"}],"about":[{"href":"http:\/\/desarrollo.grupomedios.com\/futbol\/wp-json\/wp\/v2\/types\/post"}],"author":[{"embeddable":true,"href":"http:\/\/desarrollo.grupomedios.com\/futbol\/wp-json\/wp\/v2\/users\/20"}],"replies":[{"embeddable":true,"href":"http:\/\/desarrollo.grupomedios.com\/futbol\/wp-json\/wp\/v2\/comments?post=408716"}],"version-history":[{"count":0,"href":"http:\/\/desarrollo.grupomedios.com\/futbol\/wp-json\/wp\/v2\/posts\/408716\/revisions"}],"wp:featuredmedia":[{"embeddable":true,"href":"http:\/\/desarrollo.grupomedios.com\/futbol\/wp-json\/wp\/v2\/media\/408895"}],"wp:attachment":[{"href":"http:\/\/desarrollo.grupomedios.com\/futbol\/wp-json\/wp\/v2\/media?parent=408716"}],"wp:term":[{"taxonomy":"category","embeddable":true,"href":"http:\/\/desarrollo.grupomedios.com\/futbol\/wp-json\/wp\/v2\/categories?post=408716"},{"taxonomy":"post_tag","embeddable":true,"href":"http:\/\/desarrollo.grupomedios.com\/futbol\/wp-json\/wp\/v2\/tags?post=408716"}],"curies":[{"name":"wp","href":"https:\/\/api.w.org\/{rel}","templated":true}]}}