{"id":408728,"date":"2016-07-05T21:15:00","date_gmt":"2016-07-06T02:15:00","guid":{"rendered":"http:\/\/www.futboltotal.com.mx\/?p=408728"},"modified":"2016-07-05T21:15:00","modified_gmt":"2016-07-06T02:15:00","slug":"francia-llega-a-la-final-deschamps","status":"publish","type":"post","link":"http:\/\/desarrollo.grupomedios.com\/futbol\/futbol-internacional\/francia-llega-a-la-final-deschamps\/2016\/07","title":{"rendered":"Si Francia no llega a la Final, Deschamps&#8230;"},"content":{"rendered":"<p>El presidente de la Federaci\u00f3n Francesa de F\u00fatbol, Noel Le Graet, no vincula la continuidad del t\u00e9cnico <strong>Didier Deschamps<\/strong> a un buen resultado el jueves contra Alemania.<\/p>\n<p>&#8220;Didier tiene dos a\u00f1os m\u00e1s de contrato, hasta 2018. Seguir\u00e1 siendo el entrenador pase lo que pase&#8221;, indic\u00f3 en una entrevista con <em>Le Parisien.<\/em><\/p>\n<p style=\"text-align: center;\"><span style=\"color: #3366ff;\"><strong><a style=\"color: #3366ff;\" href=\"http:\/\/www.futboltotal.com.mx\/eurocopa-2016\/\">LEER M\u00c1S: Todas las noticia de la Eurocopa\u00a0<\/a><\/strong><\/span><\/p>\n<p>El dirigente de la federaci\u00f3n francesa considera que es importante que &#8220;el equipo anfitri\u00f3n contin\u00fae con posibilidades en la \u00faltima semana de la competici\u00f3n&#8221;, tanto para los aficionados, como para los jugadores, &#8220;para las propias finanzas de la federaci\u00f3n&#8221; y &#8220;para el ambiente general que rodea a la Euro&#8221;.<\/p>\n<p>Pero, al mismo tiempo, asegura que &#8220;no es el momento de parar&#8221; y se muestra ambicioso, respecto al enfrentamiento contra Alemania.<\/p>\n<p>&#8220;No estoy mirando al pasado. O al pasado reciente. Pienso, en los \u00faltimos dos partidos contra Alemania, en la Copa Mundial, y en un amistoso en noviembre. En 2014, en Brasil, los alemanes nos ganaron l\u00f3gicamente (1-0). Pero desde hace dos a\u00f1os, el nivel de los dos equipos se ha acercado. Ahora, est\u00e1n muy cerca&#8221;.<\/p>\n<p>En su opini\u00f3n, la conclusi\u00f3n, dos a\u00f1os despu\u00e9s de la eliminaci\u00f3n en los cuartos de final del Mundial, es que &#8220;Les Bleus ya no tienen miedo de los alemanes&#8221;.<\/p>\n<p>Respecto a Karim Benzema, alejado de la selecci\u00f3n a la espera de que sea juzgada su supuesta implicaci\u00f3n en el chantaje con un v\u00eddeo sexual a su compa\u00f1ero de selecci\u00f3n Mathieu Valbuena, Le Graet afirma que el madridista &#8220;no est\u00e1 suspendido de por vida&#8221;.<\/p>\n<p>&#8220;Karim no est\u00e1 en la Euro, eso es todo, pero no est\u00e1 suspendido de por vida. Un tribunal decidir\u00e1 pronto&#8221;, remarc\u00f3.<\/p>\n","protected":false},"excerpt":{"rendered":"<p>El presidente de la FFF habl\u00f3 sobre el futuro del DT de Les Bleus<\/p>\n","protected":false},"author":20,"featured_media":408732,"comment_status":"closed","ping_status":"closed","sticky":false,"template":"","format":"standard","meta":[],"categories":[6995,3839],"tags":[6152],"_links":{"self":[{"href":"http:\/\/desarrollo.grupomedios.com\/futbol\/wp-json\/wp\/v2\/posts\/408728"}],"collection":[{"href":"http:\/\/desarrollo.grupomedios.com\/futbol\/wp-json\/wp\/v2\/posts"}],"about":[{"href":"http:\/\/desarrollo.grupomedios.com\/futbol\/wp-json\/wp\/v2\/types\/post"}],"author":[{"embeddable":true,"href":"http:\/\/desarrollo.grupomedios.com\/futbol\/wp-json\/wp\/v2\/users\/20"}],"replies":[{"embeddable":true,"href":"http:\/\/desarrollo.grupomedios.com\/futbol\/wp-json\/wp\/v2\/comments?post=408728"}],"version-history":[{"count":0,"href":"http:\/\/desarrollo.grupomedios.com\/futbol\/wp-json\/wp\/v2\/posts\/408728\/revisions"}],"wp:featuredmedia":[{"embeddable":true,"href":"http:\/\/desarrollo.grupomedios.com\/futbol\/wp-json\/wp\/v2\/media\/408732"}],"wp:attachment":[{"href":"http:\/\/desarrollo.grupomedios.com\/futbol\/wp-json\/wp\/v2\/media?parent=408728"}],"wp:term":[{"taxonomy":"category","embeddable":true,"href":"http:\/\/desarrollo.grupomedios.com\/futbol\/wp-json\/wp\/v2\/categories?post=408728"},{"taxonomy":"post_tag","embeddable":true,"href":"http:\/\/desarrollo.grupomedios.com\/futbol\/wp-json\/wp\/v2\/tags?post=408728"}],"curies":[{"name":"wp","href":"https:\/\/api.w.org\/{rel}","templated":true}]}}