{"id":408729,"date":"2016-07-05T20:57:54","date_gmt":"2016-07-06T01:57:54","guid":{"rendered":"http:\/\/www.futboltotal.com.mx\/?p=408729"},"modified":"2016-07-06T11:36:01","modified_gmt":"2016-07-06T16:36:01","slug":"presentan-balon-del-apertura-2016","status":"publish","type":"post","link":"http:\/\/desarrollo.grupomedios.com\/futbol\/futbol-mexicano\/presentan-balon-del-apertura-2016\/2016\/07","title":{"rendered":"Presentan el bal\u00f3n del Apertura 2016"},"content":{"rendered":"<p>El torneo<strong> Apertura 2016<\/strong> cada vez toma m\u00e1s forma, pues los equipos ya casi cerraron sus filas para encarar el certamen, adem\u00e1s los uniformes cada vez comienzan a filtrarse. Sin embargo, el mayor protagonista del futbol tendr\u00e1 un nuevo dise\u00f1o, pues el <strong>bal\u00f3n<\/strong> para la justa se visti\u00f3 de \u201cgala\u201d.<\/p>\n<p>Para la siguiente campa\u00f1a, el esf\u00e9rico lucir\u00e1 blanco con vivos en color negro lo cual provoc\u00f3 que el fabricante Voit se llevara los elogios.<\/p>\n<blockquote class=\"twitter-tweet\" data-lang=\"es\">\n<p dir=\"ltr\" lang=\"es\">&#8230; Y con ustedes, el nuevo <a href=\"https:\/\/twitter.com\/hashtag\/LEGACY?src=hash\">#LEGACY<\/a> de <a href=\"https:\/\/twitter.com\/Voit\">@Voit<\/a> que rodar\u00e1 en la <a href=\"https:\/\/twitter.com\/hashtag\/LIGABancomerMX?src=hash\">#LIGABancomerMX<\/a><br \/>\n\u26bd <a href=\"https:\/\/twitter.com\/hashtag\/SienteTuLiga?src=hash\">#SienteTuLiga<\/a> \u26bd <a href=\"https:\/\/t.co\/yFSewEnlJ4\">pic.twitter.com\/yFSewEnlJ4<\/a><\/p>\n<p>\u2014 LIGA Bancomer MX (@LIGABancomerMX) <a href=\"https:\/\/twitter.com\/LIGABancomerMX\/status\/750503694886694912\">6 de julio de 2016<\/a><\/p><\/blockquote>\n<p><script src=\"\/\/platform.twitter.com\/widgets.js\" async=\"\" charset=\"utf-8\"><\/script><\/p>\n<p><img decoding=\"async\" loading=\"lazy\" class=\"alignnone size-full wp-image-408766\" src=\"http:\/\/www.futboltotal.com.mx\/wp-content\/uploads\/2016\/07\/infografia-voit.jpg\" alt=\"infografia-voit\" srcset=\"http:\/\/desarrollo.grupomedios.com\/futbol\/wp-content\/uploads\/2016\/07\/infografia-voit.jpg 858w, http:\/\/desarrollo.grupomedios.com\/futbol\/wp-content\/uploads\/2016\/07\/infografia-voit-300x151.jpg 300w, http:\/\/desarrollo.grupomedios.com\/futbol\/wp-content\/uploads\/2016\/07\/infografia-voit-768x386.jpg 768w, http:\/\/desarrollo.grupomedios.com\/futbol\/wp-content\/uploads\/2016\/07\/infografia-voit-340x171.jpg 340w\" sizes=\"(max-width: 858px) 100vw, 858px\" \/><\/p>\n<p>&nbsp;<\/p>\n<p>&nbsp;<\/p>\n","protected":false},"excerpt":{"rendered":"<p>El esf\u00e9rico tendr\u00e1 un dise\u00f1o elegante <\/p>\n","protected":false},"author":20,"featured_media":408772,"comment_status":"closed","ping_status":"closed","sticky":false,"template":"","format":"standard","meta":[],"categories":[2198,3845,5950],"tags":[64],"_links":{"self":[{"href":"http:\/\/desarrollo.grupomedios.com\/futbol\/wp-json\/wp\/v2\/posts\/408729"}],"collection":[{"href":"http:\/\/desarrollo.grupomedios.com\/futbol\/wp-json\/wp\/v2\/posts"}],"about":[{"href":"http:\/\/desarrollo.grupomedios.com\/futbol\/wp-json\/wp\/v2\/types\/post"}],"author":[{"embeddable":true,"href":"http:\/\/desarrollo.grupomedios.com\/futbol\/wp-json\/wp\/v2\/users\/20"}],"replies":[{"embeddable":true,"href":"http:\/\/desarrollo.grupomedios.com\/futbol\/wp-json\/wp\/v2\/comments?post=408729"}],"version-history":[{"count":0,"href":"http:\/\/desarrollo.grupomedios.com\/futbol\/wp-json\/wp\/v2\/posts\/408729\/revisions"}],"wp:featuredmedia":[{"embeddable":true,"href":"http:\/\/desarrollo.grupomedios.com\/futbol\/wp-json\/wp\/v2\/media\/408772"}],"wp:attachment":[{"href":"http:\/\/desarrollo.grupomedios.com\/futbol\/wp-json\/wp\/v2\/media?parent=408729"}],"wp:term":[{"taxonomy":"category","embeddable":true,"href":"http:\/\/desarrollo.grupomedios.com\/futbol\/wp-json\/wp\/v2\/categories?post=408729"},{"taxonomy":"post_tag","embeddable":true,"href":"http:\/\/desarrollo.grupomedios.com\/futbol\/wp-json\/wp\/v2\/tags?post=408729"}],"curies":[{"name":"wp","href":"https:\/\/api.w.org\/{rel}","templated":true}]}}