{"id":408746,"date":"2016-07-06T09:27:05","date_gmt":"2016-07-06T14:27:05","guid":{"rendered":"http:\/\/www.futboltotal.com.mx\/?p=408746"},"modified":"2016-07-06T09:27:05","modified_gmt":"2016-07-06T14:27:05","slug":"marcelo-bielsa-nuevo-entrenador-la-lazio","status":"publish","type":"post","link":"http:\/\/desarrollo.grupomedios.com\/futbol\/futbol-internacional\/marcelo-bielsa-nuevo-entrenador-la-lazio\/2016\/07","title":{"rendered":"La Lazio enloquece con su nuevo t\u00e9cnico"},"content":{"rendered":"<p>La\u00a0<strong>Lazio<\/strong> inform\u00f3 hoy de que el contrato del t\u00e9cnico argentino <strong>Marcelo Bielsa<\/strong> ha sido ya depositado en las oficinas de la Liga de f\u00fatbol italiana y que el entrenador y sus colaboradores llegar\u00e1n a Roma el pr\u00f3ximo s\u00e1bado 9 de julio.<\/p>\n<p>Tras unas semanas muy tensas, en las que varios medios locales anunciaron la inminente llegada del argentino sin que se produjera efectivamente, el Lazio decidi\u00f3 poner fin a las especulaciones sobre el fichaje de <strong>Bielsa<\/strong>, que ya ha firmado un contrato con el club romano.<\/p>\n<blockquote class=\"twitter-tweet\" data-lang=\"es\">\n<p dir=\"ltr\" lang=\"it\">Comunicato 06.07.2016<br \/>\n<a href=\"https:\/\/t.co\/CEidczjgjk\">https:\/\/t.co\/CEidczjgjk<\/a><\/p>\n<p>\u2014 SS Lazio (@OfficialSSLazio) <a href=\"https:\/\/twitter.com\/OfficialSSLazio\/status\/750662554452627456\">6 de julio de 2016<\/a><\/p><\/blockquote>\n<p><script src=\"\/\/platform.twitter.com\/widgets.js\" async=\"\" charset=\"utf-8\"><\/script><\/p>\n<p>&#8220;Tal y como informaron algunos medios, el <strong>Lazio<\/strong> comunica que ya deposit\u00f3 el contrato del se\u00f1or Marcelo Bielsa y de sus colaboradores&#8221;, declara el <strong>Lazio<\/strong> con un comunicado en su p\u00e1gina web.<\/p>\n<p>&#8220;La sociedad comunica tambi\u00e9n que, seg\u00fan las informaciones recibidas, el entrenador y su cuerpo t\u00e9cnico estar\u00e1n en Roma el s\u00e1bado 9 de julio&#8221;, agrega el club romano.<\/p>\n<p style=\"text-align: center;\"><span style=\"color: #3366ff;\">LEER M\u00c1S:\u00a0<a style=\"color: #3366ff;\" href=\"http:\/\/www.futboltotal.com.mx\/2016\/07\/guardiola-dirige-primer-practica-con-manchester\/\">As\u00ed fue la primera pr\u00e1ctica de Guardiola con el City<\/a><\/span><\/p>\n<p>La <strong>Lazio<\/strong> y sus representantes, que hasta esta ma\u00f1ana no hab\u00edan comentado las suposiciones de los medios sobre el fichaje de <strong>Bielsa<\/strong>, rompieron el silencio esta tarde destacando que el t\u00e9cnico de Rosario ya firm\u00f3 un acuerdo con el club.<\/p>\n<p>Sin embargo, las dimisiones del martes de Gerardo Martino como seleccionador de Argentina alimentaron ulteriormente los rumores sobre una posible rotura entre <strong>Bielsa<\/strong> y el <strong>Lazio<\/strong> y por esto los romanos decidieron confirmar oficialmente el fichaje del ext\u00e9cnico de Marsella y Athletic Bilbao. EFE<\/p>\n","protected":false},"excerpt":{"rendered":"<p>El argentino firmar\u00e1 su contrato en las pr\u00f3ximas horas<\/p>\n","protected":false},"author":144,"featured_media":408747,"comment_status":"closed","ping_status":"closed","sticky":false,"template":"","format":"standard","meta":[],"categories":[3839,3848,5951],"tags":[6214,1173],"_links":{"self":[{"href":"http:\/\/desarrollo.grupomedios.com\/futbol\/wp-json\/wp\/v2\/posts\/408746"}],"collection":[{"href":"http:\/\/desarrollo.grupomedios.com\/futbol\/wp-json\/wp\/v2\/posts"}],"about":[{"href":"http:\/\/desarrollo.grupomedios.com\/futbol\/wp-json\/wp\/v2\/types\/post"}],"author":[{"embeddable":true,"href":"http:\/\/desarrollo.grupomedios.com\/futbol\/wp-json\/wp\/v2\/users\/144"}],"replies":[{"embeddable":true,"href":"http:\/\/desarrollo.grupomedios.com\/futbol\/wp-json\/wp\/v2\/comments?post=408746"}],"version-history":[{"count":0,"href":"http:\/\/desarrollo.grupomedios.com\/futbol\/wp-json\/wp\/v2\/posts\/408746\/revisions"}],"wp:featuredmedia":[{"embeddable":true,"href":"http:\/\/desarrollo.grupomedios.com\/futbol\/wp-json\/wp\/v2\/media\/408747"}],"wp:attachment":[{"href":"http:\/\/desarrollo.grupomedios.com\/futbol\/wp-json\/wp\/v2\/media?parent=408746"}],"wp:term":[{"taxonomy":"category","embeddable":true,"href":"http:\/\/desarrollo.grupomedios.com\/futbol\/wp-json\/wp\/v2\/categories?post=408746"},{"taxonomy":"post_tag","embeddable":true,"href":"http:\/\/desarrollo.grupomedios.com\/futbol\/wp-json\/wp\/v2\/tags?post=408746"}],"curies":[{"name":"wp","href":"https:\/\/api.w.org\/{rel}","templated":true}]}}