{"id":408758,"date":"2016-07-06T10:50:29","date_gmt":"2016-07-06T15:50:29","guid":{"rendered":"http:\/\/www.futboltotal.com.mx\/?p=408758"},"modified":"2016-07-06T11:00:39","modified_gmt":"2016-07-06T16:00:39","slug":"miguel-layun-deseo-campeonato-veracruz","status":"publish","type":"post","link":"http:\/\/desarrollo.grupomedios.com\/futbol\/futbol-mexicano\/miguel-layun-deseo-campeonato-veracruz\/2016\/07","title":{"rendered":"Lay\u00fan ya tiene favorito para el t\u00edtulo de Liga MX"},"content":{"rendered":"<p>El lateral mexicano, <strong>Miguel Lay\u00fan<\/strong>, no olvido su pasado como jugador de <span style=\"color: #ff0000;\"><a style=\"color: #ff0000;\" href=\"http:\/\/futboltotal.com.mx\/equipos\/veracruz\/\">Veracruz<\/a><\/span> y envi\u00f3 un mensaje a los\u00a0<em>Tiburones Rojos\u00a0<\/em>dese\u00e1ndoles \u00e9xito para que logren la obtenci\u00f3n del campeonato.<\/p>\n<p>\u201cMuch\u00edsimo \u00e9xito esta temporada, estamos al pendiente de todos ustedes, s\u00edguele metiendo y ah\u00ed te encargo al equipo, espero puedan salir campeones\u201d, dijo Lay\u00fan en un saludo a Daniel Keko Villalva por su cumplea\u00f1os.<\/p>\n<blockquote class=\"twitter-tweet\" data-lang=\"es\">\n<p dir=\"ltr\" lang=\"es\">.<a href=\"https:\/\/twitter.com\/Miguel_layun\">@Miguel_layun<\/a> env\u00eda los mejores deseos a <a href=\"https:\/\/twitter.com\/kekitovillalva\">@kekitovillalva<\/a> y a los escualos para el <a href=\"https:\/\/twitter.com\/hashtag\/Apertura2016?src=hash\">#Apertura2016<\/a> <a href=\"https:\/\/twitter.com\/hashtag\/SiempreTibur%C3%B3n?src=hash\">#SiempreTibur\u00f3n<\/a>\u26bd\ufe0f <a href=\"https:\/\/t.co\/Mw4nFKynvF\">pic.twitter.com\/Mw4nFKynvF<\/a><\/p>\n<p>\u2014 Tiburones Rojos (@ClubTiburones) <a href=\"https:\/\/twitter.com\/ClubTiburones\/status\/750484517693976577\">6 de julio de 2016<\/a><\/p><\/blockquote>\n<p><script src=\"\/\/platform.twitter.com\/widgets.js\" async=\"\" charset=\"utf-8\"><\/script><\/p>\n<p style=\"text-align: center;\"><span style=\"color: #3366ff;\">LEER M\u00c1S:<a style=\"color: #3366ff;\" href=\"http:\/\/www.futboltotal.com.mx\/2016\/07\/presentan-balon-del-apertura-2016\/\">Presentan el bal\u00f3n del Apertura 2016<\/a><\/span><\/p>\n<p>Antes de llegar al futbol europeo con el Atalanta, <strong>Lay\u00fan<\/strong> pas\u00f3 por el <strong>Veracruz<\/strong> entre 2007 y 2009 y tambi\u00e9n fue parte del plantel dirigido por Miguel Herrera que descendi\u00f3 en el 2008.<\/p>\n","protected":false},"excerpt":{"rendered":"<p>Lay\u00fan deseo \u00e9xito a los Tiburones Rojos<\/p>\n","protected":false},"author":20,"featured_media":408761,"comment_status":"closed","ping_status":"closed","sticky":false,"template":"","format":"standard","meta":[],"categories":[2198,3845,5950],"tags":[64,1035],"_links":{"self":[{"href":"http:\/\/desarrollo.grupomedios.com\/futbol\/wp-json\/wp\/v2\/posts\/408758"}],"collection":[{"href":"http:\/\/desarrollo.grupomedios.com\/futbol\/wp-json\/wp\/v2\/posts"}],"about":[{"href":"http:\/\/desarrollo.grupomedios.com\/futbol\/wp-json\/wp\/v2\/types\/post"}],"author":[{"embeddable":true,"href":"http:\/\/desarrollo.grupomedios.com\/futbol\/wp-json\/wp\/v2\/users\/20"}],"replies":[{"embeddable":true,"href":"http:\/\/desarrollo.grupomedios.com\/futbol\/wp-json\/wp\/v2\/comments?post=408758"}],"version-history":[{"count":0,"href":"http:\/\/desarrollo.grupomedios.com\/futbol\/wp-json\/wp\/v2\/posts\/408758\/revisions"}],"wp:featuredmedia":[{"embeddable":true,"href":"http:\/\/desarrollo.grupomedios.com\/futbol\/wp-json\/wp\/v2\/media\/408761"}],"wp:attachment":[{"href":"http:\/\/desarrollo.grupomedios.com\/futbol\/wp-json\/wp\/v2\/media?parent=408758"}],"wp:term":[{"taxonomy":"category","embeddable":true,"href":"http:\/\/desarrollo.grupomedios.com\/futbol\/wp-json\/wp\/v2\/categories?post=408758"},{"taxonomy":"post_tag","embeddable":true,"href":"http:\/\/desarrollo.grupomedios.com\/futbol\/wp-json\/wp\/v2\/tags?post=408758"}],"curies":[{"name":"wp","href":"https:\/\/api.w.org\/{rel}","templated":true}]}}