{"id":408770,"date":"2016-07-06T11:34:14","date_gmt":"2016-07-06T16:34:14","guid":{"rendered":"http:\/\/www.futboltotal.com.mx\/?p=408770"},"modified":"2016-07-06T11:34:43","modified_gmt":"2016-07-06T16:34:43","slug":"nuevo-balon-del-apertura-2016","status":"publish","type":"post","link":"http:\/\/desarrollo.grupomedios.com\/futbol\/galerias\/nuevo-balon-del-apertura-2016\/2016\/07","title":{"rendered":"Un elegante esf\u00e9rico para el Apertura 2016"},"content":{"rendered":"<p>El torneo<strong> Apertura 2016<\/strong> cada vez toma m\u00e1s forma, pues los equipos ya casi cerraron sus filas para encarar el certamen, adem\u00e1s los uniformes cada vez comienzan a filtrarse. Sin embargo, el mayor protagonista del futbol tendr\u00e1 un nuevo dise\u00f1o, pues el <strong>bal\u00f3n<\/strong> para la justa se visti\u00f3 de \u201cgala\u201d y fue presentado por la marca\u00a0<em>Voit\u00a0<\/em>como en cada semestre.<\/p>\n<p>Checa estas fotos del bonito dise\u00f1\u00f3 que rodar\u00e1 en las canchas de los 18 equipos de la <strong>Liga MX<\/strong>.<\/p>\n<p style=\"text-align: center;\"><span style=\"color: #3366ff;\">LEER M\u00c1S:\u00a0<a style=\"color: #3366ff;\" href=\"http:\/\/www.futboltotal.com.mx\/2016\/07\/guadalajara-presentara-uniforme-chivas-tv\/\">Guadalajara presentar\u00e1 su uniforme por Chivas TV<\/a><\/span><\/p>\n<div id=\"gallerywyu\" style=\"display:none;\"><img alt=\"Bal\u00f3n Voit Legacy\" src=\"http:\/\/desarrollo.grupomedios.com\/futbol\/wp-content\/uploads\/2016\/07\/GALERIA-VOIT-2.jpg\" data-image=\"http:\/\/desarrollo.grupomedios.com\/futbol\/wp-content\/uploads\/2016\/07\/GALERIA-VOIT-2.jpg\" data-description=\"GALERIA-VOIT-2\"><img alt=\"Legacy - Voit\" src=\"http:\/\/desarrollo.grupomedios.com\/futbol\/wp-content\/uploads\/2016\/07\/infografia-voit-1.jpg\" data-image=\"http:\/\/desarrollo.grupomedios.com\/futbol\/wp-content\/uploads\/2016\/07\/infografia-voit-1.jpg\" data-description=\"infografia-voit\"><img alt=\"\u00d3scar P\u00e9rez present\u00f3 el bal\u00f3n\" src=\"http:\/\/desarrollo.grupomedios.com\/futbol\/wp-content\/uploads\/2016\/07\/galeria-conejo.jpg\" data-image=\"http:\/\/desarrollo.grupomedios.com\/futbol\/wp-content\/uploads\/2016\/07\/galeria-conejo.jpg\" data-description=\"galeria-conejo\"><img alt=\"Legacy\" src=\"http:\/\/desarrollo.grupomedios.com\/futbol\/wp-content\/uploads\/2016\/07\/GALERIA-VOIT-5.jpg\" data-image=\"http:\/\/desarrollo.grupomedios.com\/futbol\/wp-content\/uploads\/2016\/07\/GALERIA-VOIT-5.jpg\" data-description=\"GALERIA-VOIT-5\"><img alt=\"Enrique Bonilla y \u00d3sca P\u00e9rez\" src=\"http:\/\/desarrollo.grupomedios.com\/futbol\/wp-content\/uploads\/2016\/07\/GALERIA-VOIT-1.jpg\" data-image=\"http:\/\/desarrollo.grupomedios.com\/futbol\/wp-content\/uploads\/2016\/07\/GALERIA-VOIT-1.jpg\" data-description=\"GALERIA-VOIT-1\"><img alt=\"Voit\" src=\"http:\/\/desarrollo.grupomedios.com\/futbol\/wp-content\/uploads\/2016\/07\/GALERIA-VOIT-3.jpg\" data-image=\"http:\/\/desarrollo.grupomedios.com\/futbol\/wp-content\/uploads\/2016\/07\/GALERIA-VOIT-3.jpg\" data-description=\"GALERIA-VOIT-3\"><\/div>\n        <script>\n        \/\/galeria 1\n        jQuery(document).ready(function(){ \n            var api;\n            api = jQuery(\"#gallerywyu\").unitegallery({\n                carousel_autoplay: false\n            }); \n        });\n        <\/script>\n        \n","protected":false},"excerpt":{"rendered":"<p>Conoce el nuevo bal\u00f3n que rodar\u00e1 en la Liga MX<\/p>\n","protected":false},"author":20,"featured_media":408774,"comment_status":"closed","ping_status":"closed","sticky":false,"template":"","format":"standard","meta":[],"categories":[6410,2198,3,3845],"tags":[5772,64],"_links":{"self":[{"href":"http:\/\/desarrollo.grupomedios.com\/futbol\/wp-json\/wp\/v2\/posts\/408770"}],"collection":[{"href":"http:\/\/desarrollo.grupomedios.com\/futbol\/wp-json\/wp\/v2\/posts"}],"about":[{"href":"http:\/\/desarrollo.grupomedios.com\/futbol\/wp-json\/wp\/v2\/types\/post"}],"author":[{"embeddable":true,"href":"http:\/\/desarrollo.grupomedios.com\/futbol\/wp-json\/wp\/v2\/users\/20"}],"replies":[{"embeddable":true,"href":"http:\/\/desarrollo.grupomedios.com\/futbol\/wp-json\/wp\/v2\/comments?post=408770"}],"version-history":[{"count":0,"href":"http:\/\/desarrollo.grupomedios.com\/futbol\/wp-json\/wp\/v2\/posts\/408770\/revisions"}],"wp:featuredmedia":[{"embeddable":true,"href":"http:\/\/desarrollo.grupomedios.com\/futbol\/wp-json\/wp\/v2\/media\/408774"}],"wp:attachment":[{"href":"http:\/\/desarrollo.grupomedios.com\/futbol\/wp-json\/wp\/v2\/media?parent=408770"}],"wp:term":[{"taxonomy":"category","embeddable":true,"href":"http:\/\/desarrollo.grupomedios.com\/futbol\/wp-json\/wp\/v2\/categories?post=408770"},{"taxonomy":"post_tag","embeddable":true,"href":"http:\/\/desarrollo.grupomedios.com\/futbol\/wp-json\/wp\/v2\/tags?post=408770"}],"curies":[{"name":"wp","href":"https:\/\/api.w.org\/{rel}","templated":true}]}}