{"id":408791,"date":"2016-07-06T12:59:39","date_gmt":"2016-07-06T17:59:39","guid":{"rendered":"http:\/\/www.futboltotal.com.mx\/?p=408791"},"modified":"2016-07-06T13:04:34","modified_gmt":"2016-07-06T18:04:34","slug":"maradona-prefiere-a-bale-a-cristiano","status":"publish","type":"post","link":"http:\/\/desarrollo.grupomedios.com\/futbol\/futbol-internacional\/maradona-prefiere-a-bale-a-cristiano\/2016\/07","title":{"rendered":"Maradona tiene a su preferido entre Bale y CR7"},"content":{"rendered":"<p>El ex astro argentino, <strong>Diego Armando Maradona<\/strong>, confes\u00f3\u00a0que prefiere a <strong>Gareth Bale<\/strong>\u00a0sobre <strong>Cristiano Ronaldo<\/strong> debido a que el gal\u00e9s ha aportado m\u00e1s a su selecci\u00f3n que el portugu\u00e9s, antes de que se enfrenten en las Semifinales de la Euro.<\/p>\n<p>&#8220;Es un duelo entre las bandas derecha e izquierda del Real Madrid. Esto es un juego de equipo, pero en el que hay que mirar al ataque a individualidades como <strong>Ronaldo<\/strong> y <strong>Bale<\/strong>, si los tienes. Tienen control de bal\u00f3n, velocidad y disparo, lo que los hace especiales&#8221;, destac\u00f3 en su columna del <i>Times de India<\/i>.<\/p>\n<p>Adem\u00e1s, <strong>Maradona<\/strong> consider\u00f3 la aportaci\u00f3n de ambos para sus selecciones, de las que piensa que &#8220;siempre ser\u00e1 crucial porque pueden crear el momento decisivo&#8221;, aunque prefiere las actuaciones del gal\u00e9s. &#8220;Hasta el momento <strong>Bale<\/strong> ha contribuido m\u00e1s a la clasificaci\u00f3n de su equipo, que lo que Portugal ha conseguido de <strong>Ronaldo<\/strong>&#8220;.<\/p>\n<p>El argentino tambi\u00e9n se dio tiempo de halagar a los\u00a0<em>Dragones,\u00a0<\/em>pues asegura que se han comportado a la altura de lo que es un campeonato como la Eurocopa.<\/p>\n<p style=\"text-align: center;\"><span style=\"color: #3366ff;\">LEER M\u00c1S:\u00a0<a style=\"color: #3366ff;\" href=\"http:\/\/www.futboltotal.com.mx\/2016\/07\/cristiano-tres-records-ante-gales\/\">Cristiano va por tres r\u00e9cords ante Gales<\/a><\/span><\/p>\n<p>&#8220;Muchos antes del torneo se hubiesen tomado a broma si se les dice que\u00a0<b>Gales<\/b>, cuartofinalista en su \u00fanica aparici\u00f3n en una Copa del Mundo, en 1958, iba a jugar la semifinal contra\u00a0<b>Portugal<\/b>. Pero los <em>Dragones<\/em> se han comportado de cualquier forma menos como novatos en su primera <b>Eurocopa<\/b>&#8220;, destac\u00f3.<\/p>\n<p>&#8220;Todos los equipos europeos tienen un sentido de la disciplina posicional y <b>Gales <\/b>no es una excepci\u00f3n&#8221;, explic\u00f3 <strong>Maradona<\/strong>, quien tambi\u00e9n habl\u00f3 de las cualidades que tiene Portugal a pesar de la ausencia de <strong>Cristiano Ronaldo<\/strong> en algunos partidos.<\/p>\n<p>&#8220;Su talism\u00e1n (<b>Ronaldo<\/b>) ha estado gris, pero el resto lo ha compensado en gran medida jugando el uno para el otro, algo muy valioso en la rondas eliminatorias&#8221;, asegura <b>Maradona<\/b>.<\/p>\n<p>El\u00a0<em>Pelusa\u00a0<\/em>tambi\u00e9n habl\u00f3 de las posibilidades de <em>CR7<\/em>, de quien dice tener su \u00faltima oportunidad en una justa internacional con Portugal. &#8220;A los 31 a\u00f1os\u00a0estar\u00e1 considerando si es su \u00faltima oportunidad de alcanzar la gloria internacional&#8221;, finaliz\u00f3.<\/p>\n","protected":false},"excerpt":{"rendered":"<p>Maradona consider\u00f3 los aportes de cada uno con su selecci\u00f3n<\/p>\n","protected":false},"author":20,"featured_media":408800,"comment_status":"closed","ping_status":"closed","sticky":false,"template":"","format":"standard","meta":[],"categories":[3839,5951],"tags":[2860,1899,715,1504],"_links":{"self":[{"href":"http:\/\/desarrollo.grupomedios.com\/futbol\/wp-json\/wp\/v2\/posts\/408791"}],"collection":[{"href":"http:\/\/desarrollo.grupomedios.com\/futbol\/wp-json\/wp\/v2\/posts"}],"about":[{"href":"http:\/\/desarrollo.grupomedios.com\/futbol\/wp-json\/wp\/v2\/types\/post"}],"author":[{"embeddable":true,"href":"http:\/\/desarrollo.grupomedios.com\/futbol\/wp-json\/wp\/v2\/users\/20"}],"replies":[{"embeddable":true,"href":"http:\/\/desarrollo.grupomedios.com\/futbol\/wp-json\/wp\/v2\/comments?post=408791"}],"version-history":[{"count":0,"href":"http:\/\/desarrollo.grupomedios.com\/futbol\/wp-json\/wp\/v2\/posts\/408791\/revisions"}],"wp:featuredmedia":[{"embeddable":true,"href":"http:\/\/desarrollo.grupomedios.com\/futbol\/wp-json\/wp\/v2\/media\/408800"}],"wp:attachment":[{"href":"http:\/\/desarrollo.grupomedios.com\/futbol\/wp-json\/wp\/v2\/media?parent=408791"}],"wp:term":[{"taxonomy":"category","embeddable":true,"href":"http:\/\/desarrollo.grupomedios.com\/futbol\/wp-json\/wp\/v2\/categories?post=408791"},{"taxonomy":"post_tag","embeddable":true,"href":"http:\/\/desarrollo.grupomedios.com\/futbol\/wp-json\/wp\/v2\/tags?post=408791"}],"curies":[{"name":"wp","href":"https:\/\/api.w.org\/{rel}","templated":true}]}}