{"id":408793,"date":"2016-07-06T12:54:39","date_gmt":"2016-07-06T17:54:39","guid":{"rendered":"http:\/\/www.futboltotal.com.mx\/?p=408793"},"modified":"2016-07-06T12:54:39","modified_gmt":"2016-07-06T17:54:39","slug":"matias-almeyda-rechazo-a-la-seleccion-mexicana","status":"publish","type":"post","link":"http:\/\/desarrollo.grupomedios.com\/futbol\/futbol-mexicano\/matias-almeyda-rechazo-a-la-seleccion-mexicana\/2016\/07","title":{"rendered":"Mat\u00edas Almeyda rechaz\u00f3 a la Selecci\u00f3n Mexicana"},"content":{"rendered":"<p>Tras la salida de Miguel Herrera en 2015, la <a href=\"http:\/\/www.futboltotal.com.mx\/futbol-mexicano\/seleccion-mexicana\/\" target=\"_blank\"><strong>Selecci\u00f3n Mexicana<\/strong><\/a> tuvo un abrupto cambio en el banquillo, por eso la FMF busc\u00f3 a un entrenador de confianza para seguir el proceso rumbo a Rusia 2018. Al final, fue el colombiano Juan Carlos Osorio el que tom\u00f3 el cargo, pero esto fue s\u00f3lo porque el argentino<strong> Mat\u00edas Almeyda<\/strong> rechaz\u00f3 la oferta, ya que anhela concluir su contrato con Chivas.<\/p>\n<blockquote class=\"twitter-tweet\" data-lang=\"es\">\n<p dir=\"ltr\" lang=\"es\">Sin perder de vista el bal\u00f3n \u00a1Vamos Chivas! \u26aa\ufe0f <a href=\"https:\/\/t.co\/sBqXy7s55g\">pic.twitter.com\/sBqXy7s55g<\/a><\/p>\n<p>\u2014 CHIVAS (@Chivas) <a href=\"https:\/\/twitter.com\/Chivas\/status\/750706806540742659\">6 de julio de 2016<\/a><\/p><\/blockquote>\n<p><script src=\"\/\/platform.twitter.com\/widgets.js\" async=\"\" charset=\"utf-8\"><\/script><\/p>\n<p>&#8220;Ha llamado gente, lo han tocado a Mat\u00edas. Y Mat\u00edas es de palabra, nos acaban de firmar cinco a\u00f1os de contrato ac\u00e1 en Chivas. \u00c9l se siente muy contento ac\u00e1, as\u00ed que en ese sentido estamos tranquilos y su manera de pensar y de conducirse en la vida hace que lo respeten por eso\u201d, subray\u00f3 el entrenador de porteros del Guadalajara, Carlos Roa, en entrevista con el portal <em>La P\u00e1gina Millonaria<\/em>.<\/p>\n<p><span style=\"color: #800000;\">No a la Albiceleste<\/span><\/p>\n<p>Despu\u00e9s de perder la otra vez la Final de la Copa Am\u00e9rica, el timonel del combinado de Argentina, Gerardo Martino, renunci\u00f3 a su cargo; ante dicha decisi\u00f3n, el nombre de <strong>Mat\u00edas Almeyda<\/strong> son\u00f3 como una posibilidad, pero el <em>Pelado<\/em> desestim\u00f3 que le interese de momento salir del <em>Raba\u00f1o Sagrado<\/em>.<\/p>\n<p>\u201cMi mente est\u00e1 puesta hoy ac\u00e1\u201d, indic\u00f3 el estratega en conferencia de prensa, al tiempo de confesar que le ilusiona dicho puesto en un futuro.<\/p>\n<p><span style=\"color: #ff0000;\"><strong>VIDEO<\/strong>: Las mejores aficiones de la Eurocopa<\/span><br \/>\n[video_player]https:\/\/player.vimeo.com\/external\/173499566.sd.mp4?s=e7f52fb3429dac9c2cd9f4bfb6168e261587a07b&amp;profile_id=165[\/video_player]<\/p>\n","protected":false},"excerpt":{"rendered":"<p>La FMF le ofreci\u00f3 el Tri al Pelado <\/p>\n","protected":false},"author":20,"featured_media":408794,"comment_status":"closed","ping_status":"closed","sticky":false,"template":"","format":"standard","meta":[],"categories":[2198,3845,3847,5950],"tags":[70,5979],"_links":{"self":[{"href":"http:\/\/desarrollo.grupomedios.com\/futbol\/wp-json\/wp\/v2\/posts\/408793"}],"collection":[{"href":"http:\/\/desarrollo.grupomedios.com\/futbol\/wp-json\/wp\/v2\/posts"}],"about":[{"href":"http:\/\/desarrollo.grupomedios.com\/futbol\/wp-json\/wp\/v2\/types\/post"}],"author":[{"embeddable":true,"href":"http:\/\/desarrollo.grupomedios.com\/futbol\/wp-json\/wp\/v2\/users\/20"}],"replies":[{"embeddable":true,"href":"http:\/\/desarrollo.grupomedios.com\/futbol\/wp-json\/wp\/v2\/comments?post=408793"}],"version-history":[{"count":0,"href":"http:\/\/desarrollo.grupomedios.com\/futbol\/wp-json\/wp\/v2\/posts\/408793\/revisions"}],"wp:featuredmedia":[{"embeddable":true,"href":"http:\/\/desarrollo.grupomedios.com\/futbol\/wp-json\/wp\/v2\/media\/408794"}],"wp:attachment":[{"href":"http:\/\/desarrollo.grupomedios.com\/futbol\/wp-json\/wp\/v2\/media?parent=408793"}],"wp:term":[{"taxonomy":"category","embeddable":true,"href":"http:\/\/desarrollo.grupomedios.com\/futbol\/wp-json\/wp\/v2\/categories?post=408793"},{"taxonomy":"post_tag","embeddable":true,"href":"http:\/\/desarrollo.grupomedios.com\/futbol\/wp-json\/wp\/v2\/tags?post=408793"}],"curies":[{"name":"wp","href":"https:\/\/api.w.org\/{rel}","templated":true}]}}