{"id":408889,"date":"2016-07-06T15:29:29","date_gmt":"2016-07-06T20:29:29","guid":{"rendered":"http:\/\/www.futboltotal.com.mx\/?p=408889"},"modified":"2016-07-06T16:23:10","modified_gmt":"2016-07-06T21:23:10","slug":"cristiano-caza-tres-records-en-la-eurocopa","status":"publish","type":"post","link":"http:\/\/desarrollo.grupomedios.com\/futbol\/destacado-home\/cristiano-caza-tres-records-en-la-eurocopa\/2016\/07","title":{"rendered":"\u00a1Cristiano caza tres r\u00e9cords ante Gales!"},"content":{"rendered":"<p>En las <strong>Semifinales<\/strong> de la <strong>Eurocopa 2016<\/strong>, el delantero portugu\u00e9s <strong>Cristiano Ronaldo<\/strong> ha dado lustre a su calidad de m\u00e1ximo anotador de la selecci\u00f3n de <strong>Portugal\u00a0<\/strong>y ha conseguido cazar tres r\u00e9cord de primer nivel.<\/p>\n<p>Con un espl\u00e9ndido remate de cabeza, <em>CR7 <\/em>consigui\u00f3 destapar el marcador ante Gales y consigui\u00f3 igualar el r\u00e9cord del franc\u00e9s Michel Platini de m\u00e1s goles (9) marcados en la historia de la Eurocopa.<\/p>\n<p style=\"text-align: center;\"><a href=\"http:\/\/www.futboltotal.com.mx\/eurocopa-2016\/\"><span style=\"color: #3366ff;\"><strong>LEER M\u00c1S: Todas las noticias de la Eurocopa\u00a0<\/strong><\/span><\/a><\/p>\n<blockquote class=\"twitter-tweet\" data-lang=\"es\">\n<p dir=\"ltr\" lang=\"es\">.<a href=\"https:\/\/twitter.com\/Cristiano\">@Cristiano<\/a> Ronaldo iguala el r\u00e9cord de Platini: <a href=\"https:\/\/t.co\/k0jKgNOhtQ\">https:\/\/t.co\/k0jKgNOhtQ<\/a><a href=\"https:\/\/twitter.com\/hashtag\/POR?src=hash\">#POR<\/a> <a href=\"https:\/\/twitter.com\/hashtag\/EURO2016?src=hash\">#EURO2016<\/a> <a href=\"https:\/\/t.co\/AiMxhWAPPr\">pic.twitter.com\/AiMxhWAPPr<\/a><\/p>\n<p>\u2014 UEFA.com en espa\u00f1ol (@UEFAcom_es) <a href=\"https:\/\/twitter.com\/UEFAcom_es\/status\/750784695122718722\">6 de julio de 2016<\/a><\/p><\/blockquote>\n<p><script src=\"\/\/platform.twitter.com\/widgets.js\" async=\"\" charset=\"utf-8\"><\/script><br \/>\nEl tanto que marc\u00f3 tras un cobro de tiro de esquina al 50&#8242; tambi\u00e9n no solo le permiti\u00f3\u00a0alcanzar al legendario franc\u00e9s, sino adem\u00e1s lo encumbr\u00f3 como el primer jugador que logra anotar goles en dos semifinales distintas desde 1964. Entonces lo hicieron los rusos Valentin Ivanov y Viktor Ponedelnik, que con la Uni\u00f3n Sovi\u00e9tica marcaron frente a Dinamarca (3-0) y lo hab\u00edan hecho cuatro a\u00f1os antes, en la primera edici\u00f3n, contra Checoslovaquia (3-0).<br \/>\n<iframe loading=\"lazy\" src=\"https:\/\/www.youtube.com\/embed\/JSlTPz5-3ho\" frameborder=\"0\" allowfullscreen=\"allowfullscreen\"><\/iframe><\/p>\n<p>En el Stade de Lyon,<strong> Cristiano Ronaldo<\/strong> tambi\u00e9n se ha convertido\u00a0en\u00a0el primer jugador que dispute tres semifinales (2004, 2012 y 2016), un d\u00eda antes de que lo hagan los alemanes Lukas Podolski y Bastian Schweinsteiger (2008, 2012, 2016).<\/p>\n","protected":false},"excerpt":{"rendered":"<p>El portugu\u00e9s iguala a Michel Platini como m\u00e1ximo anotador de la Eurocopa<\/p>\n","protected":false},"author":20,"featured_media":408914,"comment_status":"closed","ping_status":"closed","sticky":false,"template":"","format":"standard","meta":[],"categories":[5,6995,3839,6999],"tags":[1496,2236,715],"_links":{"self":[{"href":"http:\/\/desarrollo.grupomedios.com\/futbol\/wp-json\/wp\/v2\/posts\/408889"}],"collection":[{"href":"http:\/\/desarrollo.grupomedios.com\/futbol\/wp-json\/wp\/v2\/posts"}],"about":[{"href":"http:\/\/desarrollo.grupomedios.com\/futbol\/wp-json\/wp\/v2\/types\/post"}],"author":[{"embeddable":true,"href":"http:\/\/desarrollo.grupomedios.com\/futbol\/wp-json\/wp\/v2\/users\/20"}],"replies":[{"embeddable":true,"href":"http:\/\/desarrollo.grupomedios.com\/futbol\/wp-json\/wp\/v2\/comments?post=408889"}],"version-history":[{"count":0,"href":"http:\/\/desarrollo.grupomedios.com\/futbol\/wp-json\/wp\/v2\/posts\/408889\/revisions"}],"wp:featuredmedia":[{"embeddable":true,"href":"http:\/\/desarrollo.grupomedios.com\/futbol\/wp-json\/wp\/v2\/media\/408914"}],"wp:attachment":[{"href":"http:\/\/desarrollo.grupomedios.com\/futbol\/wp-json\/wp\/v2\/media?parent=408889"}],"wp:term":[{"taxonomy":"category","embeddable":true,"href":"http:\/\/desarrollo.grupomedios.com\/futbol\/wp-json\/wp\/v2\/categories?post=408889"},{"taxonomy":"post_tag","embeddable":true,"href":"http:\/\/desarrollo.grupomedios.com\/futbol\/wp-json\/wp\/v2\/tags?post=408889"}],"curies":[{"name":"wp","href":"https:\/\/api.w.org\/{rel}","templated":true}]}}