{"id":408924,"date":"2016-07-06T15:54:00","date_gmt":"2016-07-06T20:54:00","guid":{"rendered":"http:\/\/www.futboltotal.com.mx\/?p=408924"},"modified":"2016-07-06T15:55:15","modified_gmt":"2016-07-06T20:55:15","slug":"hugo-sanchez-sugiere-al-potro-gutierrez-renuncie","status":"publish","type":"post","link":"http:\/\/desarrollo.grupomedios.com\/futbol\/futbol-mexicano\/hugo-sanchez-sugiere-al-potro-gutierrez-renuncie\/2016\/07","title":{"rendered":"&#8220;Potro Guti\u00e9rrez debe renunciar&#8221;: Hugo S\u00e1nchez"},"content":{"rendered":"<p>Uno de los mayores obst\u00e1culos que enfrent\u00f3 <strong>Ra\u00fal Guti\u00e9rrez<\/strong> para conformar al <strong><em>Tri<\/em> Ol\u00edmpico<\/strong> que participar\u00e1 en R\u00edo 2016, fue las numerosas trabas tanto de los equipos de la Liga MX, como los clubes europeos donde militan futbolistas connacionales para ceder a sus elementos; ante este panorama, <strong>Hugo S\u00e1nchez<\/strong> consider\u00f3 que el <em>Potro<\/em> deber\u00eda renunciar como forma de protesta.<\/p>\n<p>&#8220;Ra\u00fal me pas\u00f3 a m\u00ed y te sugiero que hagas lo del <em>Tata<\/em> Martino (renunciar), creo que es un poco fuerte pero tiene que decir \u2018no me ayudan, no me apoyan, renuncio. Es muy tarde pero \u00bfqu\u00e9 hizo Martino?, renunci\u00f3. Ra\u00fal puede decir que no tiene apoyo, no tiene los jugadores y \u00bfno puede renunciar?\u201d, acot\u00f3 el <em>Pentapichichi<\/em>, durante su participaci\u00f3n con <em>ESPN<\/em>.<\/p>\n<blockquote class=\"twitter-tweet\" data-lang=\"es\">\n<p dir=\"ltr\" lang=\"es\">Directivos mantendr\u00e1n a Osorio pero si va a usar otra filosof\u00eda<br \/>\nde juego que no acepte ser suya, entonces va a fingir y no ser\u00e1 autentico.<\/p>\n<p>\u2014 Hugo S\u00e1nchez (@hugosanchez_9) <a href=\"https:\/\/twitter.com\/hugosanchez_9\/status\/746095299731460098\">23 de junio de 2016<\/a><\/p><\/blockquote>\n<p><script src=\"\/\/platform.twitter.com\/widgets.js\" async=\"\" charset=\"utf-8\"><\/script><br \/>\nEn ese sentido, <strong>Hugo S\u00e1nchez<\/strong> subray\u00f3 que las consecuencias de una supuesta renuncia, son los motivos por el cual, <strong>Ra\u00fal Guti\u00e9rrez<\/strong> no se decide a dejar al <strong><em>Tri<\/em> Ol\u00edmpico<\/strong>.<\/p>\n<p>&#8220;Las dificultades que est\u00e1 teniendo aqu\u00ed Ra\u00fal son tremendas, entonces, la dignidad es una y el orgullo es otro. Creo que \u00e9l tiene temor de que s\u00ed renuncia no lo van a querer contratar ni un equipo mexicano y le van a hacer cara fr\u00eda pero lo tendr\u00eda que hacer&#8221;, concluy\u00f3.<\/p>\n<p><span style=\"color: #ff0000;\"><strong>VIDEO<\/strong>: Las mejores aficiones de la Eurocopa<\/span><br \/>\n[video_player]https:\/\/player.vimeo.com\/external\/173499566.sd.mp4?s=e7f52fb3429dac9c2cd9f4bfb6168e261587a07b&amp;profile_id=165[\/video_player]<\/p>\n","protected":false},"excerpt":{"rendered":"<p>Esto por el poco apoyo al Tri Sub-23<\/p>\n","protected":false},"author":20,"featured_media":408925,"comment_status":"closed","ping_status":"closed","sticky":false,"template":"","format":"standard","meta":[],"categories":[2198,3847,5950],"tags":[5979,2377],"_links":{"self":[{"href":"http:\/\/desarrollo.grupomedios.com\/futbol\/wp-json\/wp\/v2\/posts\/408924"}],"collection":[{"href":"http:\/\/desarrollo.grupomedios.com\/futbol\/wp-json\/wp\/v2\/posts"}],"about":[{"href":"http:\/\/desarrollo.grupomedios.com\/futbol\/wp-json\/wp\/v2\/types\/post"}],"author":[{"embeddable":true,"href":"http:\/\/desarrollo.grupomedios.com\/futbol\/wp-json\/wp\/v2\/users\/20"}],"replies":[{"embeddable":true,"href":"http:\/\/desarrollo.grupomedios.com\/futbol\/wp-json\/wp\/v2\/comments?post=408924"}],"version-history":[{"count":0,"href":"http:\/\/desarrollo.grupomedios.com\/futbol\/wp-json\/wp\/v2\/posts\/408924\/revisions"}],"wp:featuredmedia":[{"embeddable":true,"href":"http:\/\/desarrollo.grupomedios.com\/futbol\/wp-json\/wp\/v2\/media\/408925"}],"wp:attachment":[{"href":"http:\/\/desarrollo.grupomedios.com\/futbol\/wp-json\/wp\/v2\/media?parent=408924"}],"wp:term":[{"taxonomy":"category","embeddable":true,"href":"http:\/\/desarrollo.grupomedios.com\/futbol\/wp-json\/wp\/v2\/categories?post=408924"},{"taxonomy":"post_tag","embeddable":true,"href":"http:\/\/desarrollo.grupomedios.com\/futbol\/wp-json\/wp\/v2\/tags?post=408924"}],"curies":[{"name":"wp","href":"https:\/\/api.w.org\/{rel}","templated":true}]}}