{"id":408932,"date":"2016-07-06T16:15:11","date_gmt":"2016-07-06T21:15:11","guid":{"rendered":"http:\/\/www.futboltotal.com.mx\/?p=408932"},"modified":"2016-07-06T16:53:21","modified_gmt":"2016-07-06T21:53:21","slug":"listos-finalistas-la-eurocopa","status":"publish","type":"post","link":"http:\/\/desarrollo.grupomedios.com\/futbol\/destacado-home\/listos-finalistas-la-eurocopa\/2016\/07","title":{"rendered":"Portugal, el primer finalista de la Eurocopa"},"content":{"rendered":"<p style=\"text-align: left;\">El primer finalista de la <strong>Eurocopa<\/strong> ha quedado decidido esta tarde cuando <a href=\"http:\/\/www.futboltotal.com.mx\/2016\/07\/cristiano-encumbra-a-portugal-a-la-final-la-euro\/\"><strong>Portugal<\/strong> venci\u00f3 a Gales por 2-0<\/a> gracias a los goles de Cristiano Ronaldo y Nani. A pesar de que apenas ganaron su primer partido en la competencia, los <em>lusitanos<\/em> lo hicieron en el momento importante y dejaron fuera a una de las sensaciones de la <strong>Euro<\/strong>, que nunca respondi\u00f3 tras los dos golpazos que recibieron en menos de 10 minutos.<\/p>\n<p style=\"text-align: left;\">Ahora\u00a0<strong>Portugal<\/strong> esperara rival para el pr\u00f3ximo domingo en el Stade de France, donde regresar\u00e1 a la <strong>Final<\/strong> despu\u00e9s de 12 a\u00f1os, cuando cay\u00f3 con Grecia en su casa.<\/p>\n<p style=\"text-align: center;\"><span style=\"color: #3366ff;\"><strong><a style=\"color: #3366ff;\" href=\"http:\/\/www.futboltotal.com.mx\/eurocopa-2016\/\">LEER M\u00c1S: Todas las noticias de la Eurocopa<\/a><\/strong><\/span><\/p>\n<blockquote class=\"twitter-tweet\" data-lang=\"es\">\n<p dir=\"ltr\" lang=\"en\">Bravo <a href=\"https:\/\/twitter.com\/selecaoportugal\">@selecaoportugal<\/a>: <a href=\"https:\/\/twitter.com\/hashtag\/EURO2016?src=hash\">#EURO2016<\/a> finalists! <a href=\"https:\/\/twitter.com\/hashtag\/POR?src=hash\">#POR<\/a> <a href=\"https:\/\/twitter.com\/hashtag\/PORWAL?src=hash\">#PORWAL<\/a> <a href=\"https:\/\/t.co\/kizafyy7EI\">pic.twitter.com\/kizafyy7EI<\/a><\/p>\n<p>\u2014 UEFA EURO 2016 (@UEFAEURO) <a href=\"https:\/\/twitter.com\/UEFAEURO\/status\/750794110680850433\">6 de julio de 2016<\/a><\/p><\/blockquote>\n<p><script src=\"\/\/platform.twitter.com\/widgets.js\" async=\"\" charset=\"utf-8\"><\/script><\/p>\n<p>El rival de los portugueses en la <strong>Final<\/strong> se definir\u00e1 el jueves 7 de julio, cuando Francia y Alemania se enfrenten en la segunda llave de Semifinal que de disputar\u00e1 en Marsella.<\/p>\n<blockquote class=\"twitter-tweet\" data-lang=\"es\"><p>\nOne down, one to go!<\/p>\n<p>Will <a href=\"https:\/\/twitter.com\/hashtag\/GER?src=hash\">#GER<\/a> or <a href=\"https:\/\/twitter.com\/hashtag\/FRA?src=hash\">#FRA<\/a> meet <a href=\"https:\/\/twitter.com\/hashtag\/POR?src=hash\">#POR<\/a> in the final? <a href=\"https:\/\/twitter.com\/hashtag\/PORWAL?src=hash\">#PORWAL<\/a> <a href=\"https:\/\/twitter.com\/hashtag\/EURO2016?src=hash\">#EURO2016<\/a> <a href=\"https:\/\/t.co\/xVqVwzau1x\">pic.twitter.com\/xVqVwzau1x<\/a><\/p>\n<p>\u2014 UEFA EURO 2016 (@UEFAEURO) <a href=\"https:\/\/twitter.com\/UEFAEURO\/status\/750796937843056642\">6 de julio de 2016<\/a>\n<\/p><\/blockquote>\n<p><script src=\"\/\/platform.twitter.com\/widgets.js\" async=\"\" charset=\"utf-8\"><\/script><\/p>\n","protected":false},"excerpt":{"rendered":"<p>Los portugueses esperan a Francia o Alemania para jugar la Final<\/p>\n","protected":false},"author":20,"featured_media":408962,"comment_status":"closed","ping_status":"closed","sticky":false,"template":"","format":"standard","meta":[],"categories":[5,6995,3839,6999],"tags":[5537,715],"_links":{"self":[{"href":"http:\/\/desarrollo.grupomedios.com\/futbol\/wp-json\/wp\/v2\/posts\/408932"}],"collection":[{"href":"http:\/\/desarrollo.grupomedios.com\/futbol\/wp-json\/wp\/v2\/posts"}],"about":[{"href":"http:\/\/desarrollo.grupomedios.com\/futbol\/wp-json\/wp\/v2\/types\/post"}],"author":[{"embeddable":true,"href":"http:\/\/desarrollo.grupomedios.com\/futbol\/wp-json\/wp\/v2\/users\/20"}],"replies":[{"embeddable":true,"href":"http:\/\/desarrollo.grupomedios.com\/futbol\/wp-json\/wp\/v2\/comments?post=408932"}],"version-history":[{"count":0,"href":"http:\/\/desarrollo.grupomedios.com\/futbol\/wp-json\/wp\/v2\/posts\/408932\/revisions"}],"wp:featuredmedia":[{"embeddable":true,"href":"http:\/\/desarrollo.grupomedios.com\/futbol\/wp-json\/wp\/v2\/media\/408962"}],"wp:attachment":[{"href":"http:\/\/desarrollo.grupomedios.com\/futbol\/wp-json\/wp\/v2\/media?parent=408932"}],"wp:term":[{"taxonomy":"category","embeddable":true,"href":"http:\/\/desarrollo.grupomedios.com\/futbol\/wp-json\/wp\/v2\/categories?post=408932"},{"taxonomy":"post_tag","embeddable":true,"href":"http:\/\/desarrollo.grupomedios.com\/futbol\/wp-json\/wp\/v2\/tags?post=408932"}],"curies":[{"name":"wp","href":"https:\/\/api.w.org\/{rel}","templated":true}]}}