{"id":408951,"date":"2016-07-06T16:51:54","date_gmt":"2016-07-06T21:51:54","guid":{"rendered":"http:\/\/www.futboltotal.com.mx\/?p=408951"},"modified":"2016-07-06T17:01:47","modified_gmt":"2016-07-06T22:01:47","slug":"diego-alonso-niega-salida-de-hirving-lozano","status":"publish","type":"post","link":"http:\/\/desarrollo.grupomedios.com\/futbol\/futbol-mexicano\/diego-alonso-niega-salida-de-hirving-lozano\/2016\/07","title":{"rendered":"Diego Alonso niega salida del Chucky Lozano"},"content":{"rendered":"<p>En los \u00faltimos d\u00edas ha tomado m\u00e1s fuerza el rumor sobre la salida de <strong>Hirving Lozano<\/strong> al <strong>Manchester United<\/strong>, pues fuentes cercanas al jugador e incluso su padre, han hablado sobre los acercamientos que se tuvieron con los\u00a0<em>Red Devils.<\/em><\/p>\n<p>Los rumores han llegado hasta <span style=\"color: #ff0000;\"><a style=\"color: #ff0000;\" href=\"http:\/\/futboltotal.com.mx\/equipos\/pachuca\/\">Pachuca<\/a> <\/span>y el t\u00e9cnico uruguayo, <strong>Diego Alonso<\/strong>, asegur\u00f3 que no hay ning\u00fan contacto del club ingl\u00e9s por el joven campe\u00f3n del futbol mexicano.<\/p>\n<p>&#8220;Jes\u00fas Mart\u00ednez y Marco Garc\u00e9s ya hablaron con \u00e9l, le hicieron ver la realidad y no hay nada con el <strong>Manchester United<\/strong>. Por ahora \u00e9l est\u00e1 tranquilo y concentrado en Pachuca&#8221;, dijo el estratega.<\/p>\n<p style=\"text-align: center;\"><span style=\"color: #3366ff;\">LEER M\u00c1S:\u00a0<a style=\"color: #3366ff;\" href=\"http:\/\/www.futboltotal.com.mx\/2016\/07\/antonio-mohamed-candidato-a-dirigir-a-argentina\/\">\u00a1\u00bfAntonio Mohamed, candidato a dirigir a Argentina?!<\/a><\/span><\/p>\n<p>A pesar de ello, <strong>Diego Alonso<\/strong> coment\u00f3 que el\u00a0<em>Chucky\u00a0<\/em>s\u00ed tiene ofertas, pero no quiso revelar cu\u00e1les son los equipos que han preguntado por sus servicios.<\/p>\n<p>&#8220;La directiva le ha dicho que tiene ofertas. Lo considero el jugador m\u00e1s desequilibrante de mi equipo&#8221;, coment\u00f3 el t\u00e9cnico campe\u00f3n de la Liga MX, quien aprovech\u00f3 para halagar a otra de sus joyas. &#8220;<strong>Lozano<\/strong> y Erick Guti\u00e9rrez son dos de los mejores futbolistas de M\u00e9xico&#8221;.<\/p>\n<blockquote class=\"twitter-tweet\" data-lang=\"es\">\n<p dir=\"ltr\" lang=\"es\">Este Domingo nos medimos a <a href=\"https:\/\/twitter.com\/TigresOficial\">@TigresOficial<\/a> en busca de un nuevo t\u00edtulo. <a href=\"https:\/\/twitter.com\/hashtag\/El%C3%9AnicoEnMi?src=hash\">#El\u00danicoEnMi<\/a> <a href=\"https:\/\/t.co\/sqjD1C0dEq\">pic.twitter.com\/sqjD1C0dEq<\/a><\/p>\n<p>\u2014 Club Pachuca (@Tuzos) <a href=\"https:\/\/twitter.com\/Tuzos\/status\/750770873527898112\">6 de julio de 2016<\/a><\/p><\/blockquote>\n<p><script src=\"\/\/platform.twitter.com\/widgets.js\" async=\"\" charset=\"utf-8\"><\/script><\/p>\n<p><strong>Pachuca<\/strong> se enfrentar\u00e1 a Tigres el pr\u00f3ximo domingo en el partido por el t\u00edtulo de Campe\u00f3n de Campeones, donde pr\u00e1cticamente jugar\u00e1n con su plantel titular de cara al inicio del Apertura 2016, cuando enfrenten al Le\u00f3n.<\/p>\n","protected":false},"excerpt":{"rendered":"<p>El t\u00e9cnico confes\u00f3 que no hay ninguna oferta del Manchester United<\/p>\n","protected":false},"author":20,"featured_media":408959,"comment_status":"closed","ping_status":"closed","sticky":false,"template":"","format":"standard","meta":[],"categories":[2198,3845,5950],"tags":[5196,5968],"_links":{"self":[{"href":"http:\/\/desarrollo.grupomedios.com\/futbol\/wp-json\/wp\/v2\/posts\/408951"}],"collection":[{"href":"http:\/\/desarrollo.grupomedios.com\/futbol\/wp-json\/wp\/v2\/posts"}],"about":[{"href":"http:\/\/desarrollo.grupomedios.com\/futbol\/wp-json\/wp\/v2\/types\/post"}],"author":[{"embeddable":true,"href":"http:\/\/desarrollo.grupomedios.com\/futbol\/wp-json\/wp\/v2\/users\/20"}],"replies":[{"embeddable":true,"href":"http:\/\/desarrollo.grupomedios.com\/futbol\/wp-json\/wp\/v2\/comments?post=408951"}],"version-history":[{"count":0,"href":"http:\/\/desarrollo.grupomedios.com\/futbol\/wp-json\/wp\/v2\/posts\/408951\/revisions"}],"wp:featuredmedia":[{"embeddable":true,"href":"http:\/\/desarrollo.grupomedios.com\/futbol\/wp-json\/wp\/v2\/media\/408959"}],"wp:attachment":[{"href":"http:\/\/desarrollo.grupomedios.com\/futbol\/wp-json\/wp\/v2\/media?parent=408951"}],"wp:term":[{"taxonomy":"category","embeddable":true,"href":"http:\/\/desarrollo.grupomedios.com\/futbol\/wp-json\/wp\/v2\/categories?post=408951"},{"taxonomy":"post_tag","embeddable":true,"href":"http:\/\/desarrollo.grupomedios.com\/futbol\/wp-json\/wp\/v2\/tags?post=408951"}],"curies":[{"name":"wp","href":"https:\/\/api.w.org\/{rel}","templated":true}]}}