{"id":408952,"date":"2016-07-06T16:44:28","date_gmt":"2016-07-06T21:44:28","guid":{"rendered":"http:\/\/www.futboltotal.com.mx\/?p=408952"},"modified":"2016-07-06T16:44:28","modified_gmt":"2016-07-06T21:44:28","slug":"johan-arango-se-queda-sin-equipo-otra-vez","status":"publish","type":"post","link":"http:\/\/desarrollo.grupomedios.com\/futbol\/futbol-mexicano\/johan-arango-se-queda-sin-equipo-otra-vez\/2016\/07","title":{"rendered":"Johan Arango se queda sin equipo&#8230; otra vez"},"content":{"rendered":"<p>La fiebre colombiana no para en la Liga MX, sin embargo, para el atacante <strong>Johan Arango<\/strong> el sue\u00f1o no parece llevarse a cabo, pues primero fue Pumas el equipo donde se perfilaba para disputar el Apertura 2016, pero la cuesti\u00f3n econ\u00f3mica le impidi\u00f3 llegar a un acuerdo, por si fuera poco, la historia se repiti\u00f3 con\u00a0<a href=\"http:\/\/futboltotal.com.mx\/equipos\/chiapas\/\" target=\"_blank\"><strong>Chiapas<\/strong><\/a>.<\/p>\n<p>En semanas anteriores, el <em>cafetero<\/em> presumi\u00f3 su arribo a Jaguares, empero nuevamente se qued\u00f3 sin club, despu\u00e9s que se ausentara del primer entrenamiento debido a que no acord\u00f3 su salario, seg\u00fan inform\u00f3 <em>ESPN<\/em>.<\/p>\n<blockquote class=\"twitter-tweet\" data-lang=\"es\">\n<p dir=\"ltr\" lang=\"es\">F\u00e9lix quiere dejar huella en la selva y tiene un mensaje para ti <a href=\"https:\/\/twitter.com\/hashtag\/SiempreSer%C3%A9Jaguar?src=hash\">#SiempreSer\u00e9Jaguar<\/a> \u27a1 <a href=\"https:\/\/t.co\/MQwUdpjUWB\">https:\/\/t.co\/MQwUdpjUWB<\/a> <a href=\"https:\/\/t.co\/rCZADXntGR\">pic.twitter.com\/rCZADXntGR<\/a><\/p>\n<p>\u2014 Chiapas Jaguar (@Chiapas_FC) <a href=\"https:\/\/twitter.com\/Chiapas_FC\/status\/750521445562871808\">6 de julio de 2016<\/a><\/p><\/blockquote>\n<p><script src=\"\/\/platform.twitter.com\/widgets.js\" async=\"\" charset=\"utf-8\"><\/script><\/p>\n<p>Los derechos deportivos de <strong>Johan Arango<\/strong> pertenecen a Tigres que le busca acomodo en el balompi\u00e9 nacional, pues no est\u00e1 en planes de los regios de momento.<\/p>\n<p>Desde 2011 que debut\u00f3 con Depor Aguablanca, el ofensivo desfil\u00f3 por la liga de su pa\u00eds, donde le reconocen su talento, aunque las fiestas y los excesos mermaron su trabajo.<\/p>\n<p><span style=\"color: #ff0000;\"><strong>VIDEO<\/strong>: Las mejores aficiones de la Eurocopa<\/span><br \/>\n[video_player]https:\/\/player.vimeo.com\/external\/173499566.sd.mp4?s=e7f52fb3429dac9c2cd9f4bfb6168e261587a07b&amp;profile_id=165[\/video_player]<\/p>\n","protected":false},"excerpt":{"rendered":"<p>El colombiano no lleg\u00f3 a un acuerdo con Chiapas<\/p>\n","protected":false},"author":20,"featured_media":408953,"comment_status":"closed","ping_status":"closed","sticky":false,"template":"","format":"standard","meta":[],"categories":[2198,3845],"tags":[5964],"_links":{"self":[{"href":"http:\/\/desarrollo.grupomedios.com\/futbol\/wp-json\/wp\/v2\/posts\/408952"}],"collection":[{"href":"http:\/\/desarrollo.grupomedios.com\/futbol\/wp-json\/wp\/v2\/posts"}],"about":[{"href":"http:\/\/desarrollo.grupomedios.com\/futbol\/wp-json\/wp\/v2\/types\/post"}],"author":[{"embeddable":true,"href":"http:\/\/desarrollo.grupomedios.com\/futbol\/wp-json\/wp\/v2\/users\/20"}],"replies":[{"embeddable":true,"href":"http:\/\/desarrollo.grupomedios.com\/futbol\/wp-json\/wp\/v2\/comments?post=408952"}],"version-history":[{"count":0,"href":"http:\/\/desarrollo.grupomedios.com\/futbol\/wp-json\/wp\/v2\/posts\/408952\/revisions"}],"wp:featuredmedia":[{"embeddable":true,"href":"http:\/\/desarrollo.grupomedios.com\/futbol\/wp-json\/wp\/v2\/media\/408953"}],"wp:attachment":[{"href":"http:\/\/desarrollo.grupomedios.com\/futbol\/wp-json\/wp\/v2\/media?parent=408952"}],"wp:term":[{"taxonomy":"category","embeddable":true,"href":"http:\/\/desarrollo.grupomedios.com\/futbol\/wp-json\/wp\/v2\/categories?post=408952"},{"taxonomy":"post_tag","embeddable":true,"href":"http:\/\/desarrollo.grupomedios.com\/futbol\/wp-json\/wp\/v2\/tags?post=408952"}],"curies":[{"name":"wp","href":"https:\/\/api.w.org\/{rel}","templated":true}]}}