{"id":409022,"date":"2016-07-07T15:00:36","date_gmt":"2016-07-07T20:00:36","guid":{"rendered":"http:\/\/www.futboltotal.com.mx\/?p=409022"},"modified":"2016-07-07T16:55:16","modified_gmt":"2016-07-07T21:55:16","slug":"en-vivo-alemania-vs-francia-eurocopa","status":"publish","type":"post","link":"http:\/\/desarrollo.grupomedios.com\/futbol\/futbol-internacional\/en-vivo-alemania-vs-francia-eurocopa\/2016\/07","title":{"rendered":"AS\u00cd SE VIVI\u00d3 | Alemania 0-2 Francia | Eurocopa"},"content":{"rendered":"<p><span style=\"color: #ff0000;\">94:00<\/span>\u00a0| Muchas gracias por habernos acompa\u00f1ado. Nos leemos en la final\u00edsima entre Francia y Portugal, el pr\u00f3ximo 10 de julio.<\/p>\n<p><span style=\"color: #ff0000;\">94:00<\/span>\u00a0| \u00a1Se acab\u00f3 el partido! El anfitri\u00f3n Francia elimina a Alemania con un doblete de Antoine Griezmann y es finalista de la Euro 2016.<\/p>\n<p><span style=\"color: #ff0000;\">92:00<\/span>\u00a0| \u00a1Atajad\u00f3n de Lloris! Portentos remate de cabeza de Kimmich y el arquero peg\u00f3 una estirada descomunal para sentenciar la victoria 2-0.<\/p>\n<p><span style=\"color: #ff0000;\">90:00<\/span>\u00a0| Se cumplen el tiempo reglamentario gel \u00e1rbitro agrega cuatro minutos.<\/p>\n<p><span style=\"color: #ff0000;\">88:00<\/span>\u00a0| Alemania no se por vencida y trata de buscar por los costados generar ocasiones de gol. Francia ya baj\u00f3 revoluciones y trata de aguantar hasta el final.<\/p>\n<p><span style=\"color: #ff0000;\">85:00<\/span>\u00a0| Griezmann roba el bal\u00f3n en medio campo y pega una galopada que le alcanza para disparar; Neuer ataja el esf\u00e9rico sin complicaciones.<\/p>\n<p><span style=\"color: #ff0000;\">83:00<\/span>\u00a0| Matuidi descuelga por izquierda y mete un trazo que se pasa de largo por toda el \u00e1rea alemana; nunca llega Griezmann, ni Gignac a rematarlo.<\/p>\n<p><span style=\"color: #ff0000;\">78:00<\/span>\u00a0| \u00a1Se salva Francia! San\u00e9 saca un remate tras un buen servicio y el esf\u00e9rico pasa a cent\u00edmetros del palo izquierdo.<\/p>\n<p><span style=\"color: #ff0000;\">78:00<\/span> |\u00a0Cambio de Alemania:\u00a0Giroud se marcha y lo suple Gignac.<\/p>\n<p><span style=\"color: #ff0000;\">76:00<\/span> | Cambio de Alemania: Se va\u00a0Schweinsteiger y entra San\u00e9.<\/p>\n<p><span style=\"color: #ff0000;\">74:00<\/span>\u00a0| Palo! Palo! Palo! Kimmich saca un fogonazo fuera del \u00e1rea y termina por scarle pintura a la escuadra de Lloris.<\/p>\n<p><span style=\"color: #ff0000;\">72:00<\/span>\u00a0| \u00a1Firma el segundo tanto del partido Antoine Griezmann! Kimmich perdi\u00f3 una pelota dentro del \u00e1rea y Pogba meti\u00f3 un centro que Neuer dej\u00f3 a la deriva con un pu\u00f1etazo.<\/p>\n<blockquote class=\"twitter-tweet\" data-lang=\"es\">\n<p dir=\"ltr\" lang=\"es\"><a href=\"https:\/\/twitter.com\/hashtag\/EurocopaEnTD?src=hash\">#EurocopaEnTD<\/a> \u00a1GOOOOL DE <a href=\"https:\/\/twitter.com\/hashtag\/FRA?src=hash\">#FRA<\/a>! Griezmann anota el segundo \u00a1EN VIVO! en TDcom <a href=\"https:\/\/t.co\/1bHm49AsyB\">https:\/\/t.co\/1bHm49AsyB<\/a> <a href=\"https:\/\/t.co\/Jx8K3lmWi4\">https:\/\/t.co\/Jx8K3lmWi4<\/a><\/p>\n<p>\u2014 Televisa Deportes (@TD_Deportes) <a href=\"https:\/\/twitter.com\/TD_Deportes\/status\/751151658306981888\">7 de julio de 2016<\/a><\/p><\/blockquote>\n<p><script src=\"\/\/platform.twitter.com\/widgets.js\" async=\"\" charset=\"utf-8\"><\/script><\/p>\n<p><span style=\"color: #ff0000;\">72:00<\/span>\u00a0| \u00a1Gooooooooooooooooool de Francia!<\/p>\n<p><a href=\"http:\/\/www.futboltotal.com.mx\/wp-content\/uploads\/2016\/07\/Neuer-1.jpg\"><img decoding=\"async\" loading=\"lazy\" class=\"alignnone size-full wp-image-409210\" src=\"http:\/\/www.futboltotal.com.mx\/wp-content\/uploads\/2016\/07\/Neuer-1.jpg\" alt=\"Neuer\" srcset=\"http:\/\/desarrollo.grupomedios.com\/futbol\/wp-content\/uploads\/2016\/07\/Neuer-1.jpg 858w, http:\/\/desarrollo.grupomedios.com\/futbol\/wp-content\/uploads\/2016\/07\/Neuer-1-300x151.jpg 300w, http:\/\/desarrollo.grupomedios.com\/futbol\/wp-content\/uploads\/2016\/07\/Neuer-1-768x386.jpg 768w, http:\/\/desarrollo.grupomedios.com\/futbol\/wp-content\/uploads\/2016\/07\/Neuer-1-340x171.jpg 340w\" sizes=\"(max-width: 858px) 100vw, 858px\" \/><\/a><\/p>\n<p><span style=\"color: #ff0000;\">70:00<\/span>\u00a0| Falta sobre Toni Kroos fuera del \u00e1rea. Hay ocasi\u00f3n de peligro&#8230; el bal\u00f3n viaja al \u00e1rea y Mustafi saca un remate elevad\u00edsimo&#8230;<\/p>\n<p><span style=\"color: #ff0000;\">68:00<\/span>\u00a0| Francia quema una gran ocasi\u00f3n de gol. Payet dispara fuera del \u00e1rea, pero el bal\u00f3n sale sin fuerza y queda a merced de Neuer.<\/p>\n<p><span style=\"color: #ff0000;\">66:00<\/span> | Se viene el segundo cambio de Alemania. Entra Mario G\u00f6tze y se va Emre Can.<\/p>\n<p><span style=\"color: #ff0000;\">63:00<\/span> | Centro de Griezmann en tiro de esquina y Koscielny remata por encima de la porter\u00eda de Neuer.<\/p>\n<p><span style=\"color: #ff0000;\">59:00<\/span> | Boateng sale lesionado del campo y no podr\u00e1 seguir. Se viene Mustafi para sustituirlo.<\/p>\n<p><span style=\"color: #ff0000;\">56:00<\/span> | Alemania tiene el bal\u00f3n, pero no genera jugadas de peligro en la porter\u00eda de Lloris. Francia espera&#8230;<\/p>\n<p><span style=\"color: #ff0000;\">50:00<\/span> | Tarjeta amarilla para Julian Draxler por falta sobre Matuidi.<\/p>\n<p><span style=\"color: #ff0000;\">47:00<\/span> | \u00a1Cerca el disparo de Griezmann! Gran pared con Giroud y Boateng desv\u00eda el disparo que sale a tiro de esquina.<\/p>\n<p><span style=\"color: #ff0000;\">45:01<\/span> | \u00a1Comienza el segundo tiempo! Con gol de Griezmann al \u00faltimo minuto, Francia lo gana 1-o.<\/p>\n<p><span style=\"color: #ff0000;\">45:00<\/span>\u00a0| \u00a1Termina el primer tiempo! Francia se va al descanso con ventaja 1-0 sobre Alemania.<\/p>\n<blockquote class=\"twitter-tweet\" data-lang=\"es\"><p>\n<a href=\"https:\/\/twitter.com\/hashtag\/MeLatenLasCopas?src=hash\">#MeLatenLasCopas<\/a><a href=\"https:\/\/twitter.com\/hashtag\/GER?src=hash\">#GER<\/a> 0-1 <a href=\"https:\/\/twitter.com\/hashtag\/FRA?src=hash\">#FRA<\/a><a href=\"https:\/\/twitter.com\/hashtag\/EURO2016?src=hash\">#EURO2016<\/a>: \u00a1Gooool de Francia! <a href=\"https:\/\/twitter.com\/hashtag\/CoberturaTelcel?src=hash\">#CoberturaTelcel<\/a> con <a href=\"https:\/\/twitter.com\/Telcel\">@Telcel<\/a>. <a href=\"https:\/\/t.co\/YSnqb8Xyrm\">https:\/\/t.co\/YSnqb8Xyrm<\/a><\/p>\n<p>\u2014 Azteca Deportes (@AztecaDeportes) <a href=\"https:\/\/twitter.com\/AztecaDeportes\/status\/751141251550879744\">7 de julio de 2016<\/a>\n<\/p><\/blockquote>\n<p><script src=\"\/\/platform.twitter.com\/widgets.js\" async=\"\" charset=\"utf-8\"><\/script><\/p>\n<p><span style=\"color: #ff0000;\">45:00<\/span>\u00a0| \u00a1Gooooooooooooooooooool de Griezmann!\u00a0El franc\u00e9s cobra magistral y enga\u00f1a a Manuel Neuer.<\/p>\n<p><span style=\"color: #ff0000;\">45:00<\/span>\u00a0| \u00a1Penal para Francia! Evra remata tras el c\u00f3rner y el esf\u00e9rico pega en la mano derecha de Schweinsteiger, quien es amonestado. Pol\u00e9mica acci\u00f3n que duda en marcar el \u00e1rbitro.<\/p>\n<p><span style=\"color: #ff0000;\">44:00<\/span>\u00a0| Centro por la banda izquierda y el lateral H\u00e9ctor concede un c\u00f3rner. Hay ocasi\u00f3n de peligro&#8230;<\/p>\n<p><span style=\"color: #ff0000;\">42:00<\/span>\u00a0| \u00a1Giroud se pierde el gol! Recibe un gran pase filtrado y H\u00f6wedes tiene un regreso espectacular metiendo la pierna y tapando el tiro del franc\u00e9s.<\/p>\n<p><span style=\"color: #ff0000;\">40:00<\/span>\u00a0| \u00a1Ped\u00edan penal los alemanes! Tras tiro de esquina Draxler es abrazado por un rival y Schweinsteiger termina en el piso ante un recarg\u00f3 de Pogba.<\/p>\n<p><span style=\"color: #ff0000;\">38:00<\/span>\u00a0| M\u00fcller encuentra espacio e intenta sorprender a Lloris con un tiro que el arquero congela en dos tiempos.<\/p>\n<p><span style=\"color: #ff0000;\">36:00<\/span>\u00a0| Amonestaci\u00f3n para Can por una falta sobre Griezman fuera del \u00e1rea.. Hay tiro libre a 28 mts del acerco de Neuer. Cobra Pogba y sin complicaciones ataja Neuer.<\/p>\n<p><span style=\"color: #ff0000;\">34:00<\/span>\u00a0| Mesut \u00d6zil mete un centro buscando a M\u00fcller y aparece Umtiti para despejar; el nuevo fichaje del Barcelona es la sombra del teut\u00f3n.<\/p>\n<p><span style=\"color: #ff0000;\">32:00<\/span>\u00a0| \u00a1Casi cae el gol de Alemania! Kimmich centra y M\u00fcller intenta rematar pero Umtiti termina por meter la pierna y evita el primer grito.<a href=\"http:\/\/www.futboltotal.com.mx\/wp-content\/uploads\/2016\/07\/Umtiti.jpg\"><img decoding=\"async\" loading=\"lazy\" class=\"alignnone size-full wp-image-409163\" src=\"http:\/\/www.futboltotal.com.mx\/wp-content\/uploads\/2016\/07\/Umtiti.jpg\" alt=\"Umtiti\" srcset=\"http:\/\/desarrollo.grupomedios.com\/futbol\/wp-content\/uploads\/2016\/07\/Umtiti.jpg 858w, http:\/\/desarrollo.grupomedios.com\/futbol\/wp-content\/uploads\/2016\/07\/Umtiti-300x151.jpg 300w, http:\/\/desarrollo.grupomedios.com\/futbol\/wp-content\/uploads\/2016\/07\/Umtiti-768x386.jpg 768w, http:\/\/desarrollo.grupomedios.com\/futbol\/wp-content\/uploads\/2016\/07\/Umtiti-340x171.jpg 340w\" sizes=\"(max-width: 858px) 100vw, 858px\" \/><\/a><\/p>\n<p><span style=\"color: #ff0000;\">30:00<\/span>\u00a0| Se fue media hora y el partido no pierde intensidad. Gobierna Alemania y tiene atrincherada a Francia. \u00bfCu\u00e1nto tardar\u00e1 el caer el primer gol?<\/p>\n<p><span style=\"color: #ff0000;\">26:00<\/span>\u00a0| \u00a1Parad\u00f3n de Lloris! El arquero vuela para tapar el ca\u00f1onazo de Schweinsteger desde la frontal.<\/p>\n<p><span style=\"color: #ff0000;\">25:00<\/span>\u00a0| Ahora hay tiro de esquina para los teutones&#8230; bal\u00f3n al \u00e1rea y M\u00fcller no consigue rematar.<\/p>\n<p><span style=\"color: #ff0000;\">24:00<\/span>\u00a0| \u00a1Tiro libre para Francia! \u00a0Derriban a Payet a unos cuantos metros fuera del \u00e1rea. Se perfila Payet para el cobro&#8230; Dispara por encima de la barrera y ataja Neuer.<\/p>\n<p><a href=\"http:\/\/www.futboltotal.com.mx\/wp-content\/uploads\/2016\/07\/Neuer.jpg\"><img decoding=\"async\" loading=\"lazy\" class=\"alignnone size-full wp-image-409160\" src=\"http:\/\/www.futboltotal.com.mx\/wp-content\/uploads\/2016\/07\/Neuer.jpg\" alt=\"Neuer\" srcset=\"http:\/\/desarrollo.grupomedios.com\/futbol\/wp-content\/uploads\/2016\/07\/Neuer.jpg 858w, http:\/\/desarrollo.grupomedios.com\/futbol\/wp-content\/uploads\/2016\/07\/Neuer-300x151.jpg 300w, http:\/\/desarrollo.grupomedios.com\/futbol\/wp-content\/uploads\/2016\/07\/Neuer-768x386.jpg 768w, http:\/\/desarrollo.grupomedios.com\/futbol\/wp-content\/uploads\/2016\/07\/Neuer-340x171.jpg 340w\" sizes=\"(max-width: 858px) 100vw, 858px\" \/><\/a><\/p>\n<p><span style=\"color: #ff0000;\">22:00<\/span>\u00a0| \u00a0Alemania sigue al abordaje. Ya buscaron el gol con dos tiros Kroos y Kimmich&#8230;<\/p>\n<p><span style=\"color: #ff0000;\">20:00<\/span>\u00a0| Tiro de esquina para Alemania. Cobra Kross y Koscielny despeja con un frentazo. Intenta contragolepar Francia, pero la jugada no prospera.<\/p>\n<p><span style=\"color: #ff0000;\">20:00<\/span>\u00a0| Francia propuso y Alemania dispuso. Ahora la mayor posesi\u00f3n del esf\u00e9rico es para el cuadro teut\u00f3n, que no deja de buscar la banda izquierda con H\u00e9ctor. <em>Les Bleus<\/em> reculan y esperan la ocasi\u00f3n para descolgar al contragolpe.<\/p>\n<p><span style=\"color: #ff0000;\">18:00<\/span>\u00a0| Pogba arma contragolpe, da el esf\u00e9rico a Payet y este intenta colarse al \u00e1rea por izquierda, en el intento comete falta al lateral Kimmich.<\/p>\n<p><span style=\"color: #ff0000;\">16:00<\/span>\u00a0| \u00a1Qu\u00e9 atajada de Lloris! Jala del gatillo Can por el sector izquierdo y el arquero evita que el bal\u00f3n se cuele pegado al palo.<\/p>\n<p><a href=\"http:\/\/www.futboltotal.com.mx\/wp-content\/uploads\/2016\/07\/Lorris.jpg\"><img decoding=\"async\" loading=\"lazy\" class=\"alignnone size-full wp-image-409154\" src=\"http:\/\/www.futboltotal.com.mx\/wp-content\/uploads\/2016\/07\/Lorris.jpg\" alt=\"Lorris\" srcset=\"http:\/\/desarrollo.grupomedios.com\/futbol\/wp-content\/uploads\/2016\/07\/Lorris.jpg 858w, http:\/\/desarrollo.grupomedios.com\/futbol\/wp-content\/uploads\/2016\/07\/Lorris-300x151.jpg 300w, http:\/\/desarrollo.grupomedios.com\/futbol\/wp-content\/uploads\/2016\/07\/Lorris-768x386.jpg 768w, http:\/\/desarrollo.grupomedios.com\/futbol\/wp-content\/uploads\/2016\/07\/Lorris-340x171.jpg 340w\" sizes=\"(max-width: 858px) 100vw, 858px\" \/><\/a><\/p>\n<p><span style=\"color: #ff0000;\">14:00<\/span>\u00a0| \u00a1Se le escapa el gol a Alemania! Kimmich descuelga por derecha mete un centro y M\u00fcller llega enfilado y golpea el esf\u00e9rico sin \u00e9xito.<\/p>\n<p><span style=\"color: #ff0000;\">12:00<\/span>\u00a0| \u00a0Les dejamos una postal para que se den una idea del ambientado que hay en el Vel\u00f3drome.<\/p>\n<p><a href=\"http:\/\/www.futboltotal.com.mx\/wp-content\/uploads\/2016\/07\/Estadio.jpg\"><img decoding=\"async\" loading=\"lazy\" class=\"alignnone size-full wp-image-409146\" src=\"http:\/\/www.futboltotal.com.mx\/wp-content\/uploads\/2016\/07\/Estadio.jpg\" alt=\"Estadio\" srcset=\"http:\/\/desarrollo.grupomedios.com\/futbol\/wp-content\/uploads\/2016\/07\/Estadio.jpg 858w, http:\/\/desarrollo.grupomedios.com\/futbol\/wp-content\/uploads\/2016\/07\/Estadio-300x151.jpg 300w, http:\/\/desarrollo.grupomedios.com\/futbol\/wp-content\/uploads\/2016\/07\/Estadio-768x386.jpg 768w, http:\/\/desarrollo.grupomedios.com\/futbol\/wp-content\/uploads\/2016\/07\/Estadio-340x171.jpg 340w\" sizes=\"(max-width: 858px) 100vw, 858px\" \/><\/a><\/p>\n<p><span style=\"color: #ff0000;\">10:00<\/span>\u00a0| Neuer es casi imbatible; lo dicen los n\u00fameros:<\/p>\n<blockquote class=\"twitter-tweet\" data-lang=\"es\"><p>Manuel Neuer s\u00f3lo ha encajado un gol en la <a href=\"https:\/\/twitter.com\/hashtag\/EURO2016?src=hash\">#EURO2016<\/a>. \u00bfDejar\u00e1 en cero a la anfitriona <a href=\"https:\/\/twitter.com\/hashtag\/FRA?src=hash\">#FRA<\/a>? <a href=\"https:\/\/t.co\/3AnVC2KtWz\">pic.twitter.com\/3AnVC2KtWz<\/a><\/p>\n<p>\u2014 UEFA.com en espa\u00f1ol (@UEFAcom_es) <a href=\"https:\/\/twitter.com\/UEFAcom_es\/status\/751118984146251776\">7 de julio de 2016<\/a><\/p><\/blockquote>\n<p><script src=\"\/\/platform.twitter.com\/widgets.js\" async=\"\" charset=\"utf-8\"><\/script><\/p>\n<p><span style=\"color: #ff0000;\">06:00<\/span>\u00a0| \u00a1Atajad\u00f3n de Neuer! Griezmann tira una gran pared con Payet y cuando recibe en el \u00e1rea dispara pegado al palo derecho. La estirada de Neuer fue impecable.<\/p>\n<p><span style=\"color: #ff0000;\">04:00<\/span>\u00a0| Pogba mete un servicio por la banda derecha y Boateng despeja antes de que Giroud remate en el coraz\u00f3n del \u00e1rea.<\/p>\n<p><span style=\"color: #ff0000;\">02:00<\/span>\u00a0| Primer tiro de esquina para Francia. Cobra Payet en corto, centra Girezmann y despeja la zaga alemana.<\/p>\n<p><span style=\"color: #ff0000;\">02:00<\/span>\u00a0| El partido arranca muy intenso Francia ya le puso un bal\u00f3n a Griezmann que despej\u00f3 con complicaciones Neuer y Alemania ya dio aviso buscando a M\u00fcller.<\/p>\n<p><span style=\"color: #ff0000;\">00:00<\/span>\u00a0| \u00a1Arranca el partido! Mueve la selecci\u00f3n de Francia&#8230;.<\/p>\n<p><span style=\"color: #ff0000;\">00:00<\/span>\u00a0| \u00a1Ambientazo en el estadio Vel\u00f3drome. No cabe un alfiler m\u00e1s y todo est\u00e1 listo para que arranque el partido.<\/p>\n<p><a href=\"http:\/\/www.futboltotal.com.mx\/wp-content\/uploads\/2016\/07\/Francia-1.jpg\"><img decoding=\"async\" loading=\"lazy\" class=\"alignnone size-full wp-image-409133\" src=\"http:\/\/www.futboltotal.com.mx\/wp-content\/uploads\/2016\/07\/Francia-1.jpg\" alt=\"Francia\" srcset=\"http:\/\/desarrollo.grupomedios.com\/futbol\/wp-content\/uploads\/2016\/07\/Francia-1.jpg 858w, http:\/\/desarrollo.grupomedios.com\/futbol\/wp-content\/uploads\/2016\/07\/Francia-1-300x151.jpg 300w, http:\/\/desarrollo.grupomedios.com\/futbol\/wp-content\/uploads\/2016\/07\/Francia-1-768x386.jpg 768w, http:\/\/desarrollo.grupomedios.com\/futbol\/wp-content\/uploads\/2016\/07\/Francia-1-340x171.jpg 340w\" sizes=\"(max-width: 858px) 100vw, 858px\" \/><\/a><\/p>\n<p><span style=\"color: #ff0000;\">00:00<\/span>\u00a0| \u00a1Los\u00a0equipos ya saltan a la cancha y entonan los Himnos!<\/p>\n<p><script src=\"\/\/platform.twitter.com\/widgets.js\" async=\"\" charset=\"utf-8\"><\/script><\/p>\n<p><span style=\"color: #ff0000;\">00:00<\/span> | XI de Alemania ante Francia.<\/p>\n<blockquote class=\"twitter-tweet\" data-lang=\"es\"><p>Y aqu\u00ed el once de <a href=\"https:\/\/twitter.com\/hashtag\/GER?src=hash\">#GER<\/a><br \/>\nD\u00f3nde ver la <a href=\"https:\/\/twitter.com\/hashtag\/EURO2016?src=hash\">#EURO2016<\/a>: <a href=\"https:\/\/t.co\/jz6TqdV9xc\">https:\/\/t.co\/jz6TqdV9xc<\/a> <a href=\"https:\/\/twitter.com\/hashtag\/GERFRA?src=hash\">#GERFRA<\/a><a href=\"https:\/\/t.co\/EC5tMO9mHO\">pic.twitter.com\/EC5tMO9mHO<\/a><\/p>\n<p>\u2014 UEFA.com en espa\u00f1ol (@UEFAcom_es) <a href=\"https:\/\/twitter.com\/UEFAcom_es\/status\/751122612328210432\">7 de julio de 2016<\/a><\/p><\/blockquote>\n<p><script src=\"\/\/platform.twitter.com\/widgets.js\" async=\"\" charset=\"utf-8\"><\/script><\/p>\n<p><span style=\"color: #ff0000;\">00:00<\/span> | XI de Francia ante Alemania<\/p>\n<blockquote class=\"twitter-tweet\" data-lang=\"es\"><p>\n\u00bfContentos con el once de <a href=\"https:\/\/twitter.com\/hashtag\/FRA?src=hash\">#FRA<\/a>?<br \/>\n D\u00f3nde ver la <a href=\"https:\/\/twitter.com\/hashtag\/EURO2016?src=hash\">#EURO2016<\/a>: <a href=\"https:\/\/t.co\/jz6TqdV9xc\">https:\/\/t.co\/jz6TqdV9xc<\/a> <a href=\"https:\/\/twitter.com\/hashtag\/GERFRA?src=hash\">#GERFRA<\/a><a href=\"https:\/\/t.co\/iZHcdSA3fg\">pic.twitter.com\/iZHcdSA3fg<\/a><\/p>\n<p>\u2014 UEFA.com en espa\u00f1ol (@UEFAcom_es) <a href=\"https:\/\/twitter.com\/UEFAcom_es\/status\/751121604860604416\">7 de julio de 2016<\/a>\n<\/p><\/blockquote>\n<p><script src=\"\/\/platform.twitter.com\/widgets.js\" async=\"\" charset=\"utf-8\"><\/script><br \/>\n<span style=\"color: #ff0000;\">00:00<\/span> | Ya tenemos alineaciones confirmadas para el duelo en el Stade Vel\u00f3drome.<\/p>\n<blockquote class=\"twitter-tweet\" data-lang=\"es\"><p>Alineaciones del <a href=\"https:\/\/twitter.com\/hashtag\/GER?src=hash\">#GER<\/a> &#8211; <a href=\"https:\/\/twitter.com\/hashtag\/FRA?src=hash\">#FRA<\/a>.<br \/>\nSigue en directo el <a href=\"https:\/\/twitter.com\/hashtag\/GERFRA?src=hash\">#GERFRA<\/a> en nuestro MatchCentre: <a href=\"https:\/\/t.co\/LOSVh4M9rL\">https:\/\/t.co\/LOSVh4M9rL<\/a> <a href=\"https:\/\/twitter.com\/hashtag\/EURO2016?src=hash\">#EURO2016<\/a> <a href=\"https:\/\/t.co\/IdN5yNADKs\">pic.twitter.com\/IdN5yNADKs<\/a><\/p>\n<p>\u2014 UEFA.com en espa\u00f1ol (@UEFAcom_es) <a href=\"https:\/\/twitter.com\/UEFAcom_es\/status\/751113920581165059\">7 de julio de 2016<\/a><\/p><\/blockquote>\n<p><script src=\"\/\/platform.twitter.com\/widgets.js\" async=\"\" charset=\"utf-8\"><\/script><span style=\"color: #ff0000;\">00:00<\/span> | Francia y Alemania se juegan el billete a la Final\u00edsima del 10 de julio en la que Portugal los espera.<\/p>\n<p><span style=\"color: #ff0000;\">00:00<\/span> | \u00a1Buena tarde, cracks! Bienvenidos a la cobertura de la segunda semifinal de la Eurocopa 2016.<\/p>\n<p><strong>Alemania<\/strong> y <strong>Francia<\/strong> reviven su vieja rivalidad este jueves, en el Velodrome de Marsella (14:00 horas), con la <strong>Semifinal<\/strong> de la <a href=\"http:\/\/www.futboltotal.com.mx\/eurocopa-2016\/\" target=\"_blank\"><strong>Eurocopa<\/strong><\/a> en juego y un pron\u00f3stico incierto.<\/p>\n<p>En principio, la escuadra teutona, avalada por los antecedentes y su condici\u00f3n de campeona del mundo, deber\u00eda ser la favorita, pero las numerosas bajas con las que cuenta Joachim L\u00f6w y las dudas que mostr\u00f3 el propio t\u00e9cnico ante Italia han limado un poco el aura de inaccesible de la <em>Mannschaft<\/em>.<\/p>\n<p>Si hace dos a\u00f1os, durante el Mundial, <strong>Alemania<\/strong> fue creciendo hasta llegar al punto \u00e1lgido en la hist\u00f3rica semifinal frente a Brasil (1-7), en esta <strong>Eurocopa<\/strong> llega con dudas hasta la pen\u00faltima ronda.<\/p>\n<p><strong>Francia<\/strong>, mientras, llega euf\u00f3rica a Marsella. Ante Islandia (5-2) desaparecieron todos sus complejos, por fin dio una buena imagen y se gan\u00f3 a una afici\u00f3n que espera convertir el Velodrome en una olla a presi\u00f3n.<\/p>\n<p>Cuenta, adem\u00e1s, con el deseo de revancha. El de los actuales jugadores, la mayor\u00eda de los cuales sufri\u00f3 una dolorosa derrota en los cuartos de final de Brasil 2014 (1-0) y el de generaciones que ha visto c\u00f3mo los teutones\u00a0siempre se impon\u00edan en los partidos oficiales, todos en Mundiales.<\/p>\n<p>\u00bfCu\u00e1l es tu pron\u00f3stico para el <strong>Alemania vs. Francia<\/strong>, <em>crack<\/em>?<\/p>\n","protected":false},"excerpt":{"rendered":"<p>Un doblete de Griezmann catapulta a Francia a la final de la Euro <\/p>\n","protected":false},"author":144,"featured_media":409228,"comment_status":"closed","ping_status":"closed","sticky":false,"template":"","format":"standard","meta":[],"categories":[6995,3839,6999],"tags":[2236],"_links":{"self":[{"href":"http:\/\/desarrollo.grupomedios.com\/futbol\/wp-json\/wp\/v2\/posts\/409022"}],"collection":[{"href":"http:\/\/desarrollo.grupomedios.com\/futbol\/wp-json\/wp\/v2\/posts"}],"about":[{"href":"http:\/\/desarrollo.grupomedios.com\/futbol\/wp-json\/wp\/v2\/types\/post"}],"author":[{"embeddable":true,"href":"http:\/\/desarrollo.grupomedios.com\/futbol\/wp-json\/wp\/v2\/users\/144"}],"replies":[{"embeddable":true,"href":"http:\/\/desarrollo.grupomedios.com\/futbol\/wp-json\/wp\/v2\/comments?post=409022"}],"version-history":[{"count":0,"href":"http:\/\/desarrollo.grupomedios.com\/futbol\/wp-json\/wp\/v2\/posts\/409022\/revisions"}],"wp:featuredmedia":[{"embeddable":true,"href":"http:\/\/desarrollo.grupomedios.com\/futbol\/wp-json\/wp\/v2\/media\/409228"}],"wp:attachment":[{"href":"http:\/\/desarrollo.grupomedios.com\/futbol\/wp-json\/wp\/v2\/media?parent=409022"}],"wp:term":[{"taxonomy":"category","embeddable":true,"href":"http:\/\/desarrollo.grupomedios.com\/futbol\/wp-json\/wp\/v2\/categories?post=409022"},{"taxonomy":"post_tag","embeddable":true,"href":"http:\/\/desarrollo.grupomedios.com\/futbol\/wp-json\/wp\/v2\/tags?post=409022"}],"curies":[{"name":"wp","href":"https:\/\/api.w.org\/{rel}","templated":true}]}}