{"id":409089,"date":"2016-07-07T12:24:21","date_gmt":"2016-07-07T17:24:21","guid":{"rendered":"http:\/\/www.futboltotal.com.mx\/?p=409089"},"modified":"2016-07-07T12:24:21","modified_gmt":"2016-07-07T17:24:21","slug":"sandro-ramirez-nuevo-jugador-malaga","status":"publish","type":"post","link":"http:\/\/desarrollo.grupomedios.com\/futbol\/futbol-internacional\/sandro-ramirez-nuevo-jugador-malaga\/2016\/07","title":{"rendered":"M\u00e1laga pesca a jugador del Barcelona"},"content":{"rendered":"<p>Despu\u00e9s de que el <strong>Barcelona<\/strong> le dejara las puertas abiertas para su salida, el delantero <strong>Sandro Ram\u00edrez<\/strong>, ha fichado por el <strong>M\u00e1laga<\/strong> para la temporada 2016-17, as\u00ed lo ha anunciado el club blanquiazul a trav\u00e9s de sus redes sociales.<\/p>\n<blockquote class=\"twitter-tweet\" data-lang=\"es\">\n<p dir=\"ltr\" lang=\"es\">MCFNews| <a href=\"https:\/\/twitter.com\/sandroramirez9\">@sandroramirez9<\/a> ya viste sus nuevos colores blanquiazules!  <a href=\"https:\/\/twitter.com\/hashtag\/BienvenidoSandro?src=hash\">#BienvenidoSandro<\/a> \u26bd \u27a1<a href=\"https:\/\/t.co\/eIife8jPQD\">https:\/\/t.co\/eIife8jPQD<\/a> <a href=\"https:\/\/t.co\/ppPuoXZEOi\">pic.twitter.com\/ppPuoXZEOi<\/a><\/p>\n<p>\u2014 M\u00e1laga CF (@MalagaCF) <a href=\"https:\/\/twitter.com\/MalagaCF\/status\/751082550328750080\">7 de julio de 2016<\/a><\/p><\/blockquote>\n<p><script src=\"\/\/platform.twitter.com\/widgets.js\" async=\"\" charset=\"utf-8\"><\/script><\/p>\n<p>As\u00ed, el delantero de 20 a\u00f1os seguir\u00e1 su carrera en el <strong>M\u00e1laga<\/strong> despu\u00e9s de que los <em>Blaugranas<\/em> liberaran su carta. A pesar de su juventud, <strong>Sandro<\/strong> estuvo al mando de Luis Enrique y fue considerado para entrar de suplente en varios encuentros, donde apenas marc\u00f3 tres goles desde que estuvo en el primer equipo. Su compromiso con los <em>malage\u00f1os<\/em> ser\u00e1 por tres temporadas.<\/p>\n<blockquote class=\"twitter-tweet\" data-lang=\"es\"><p>\n\u00a1 Feliz de entrar en el proyecto del <a href=\"https:\/\/twitter.com\/MalagaCF\">@MalagaCF<\/a> con muchas ganas de seguir creciendo y afrontar nuevos retos ! <a href=\"https:\/\/t.co\/wQNsD1Aw8u\">pic.twitter.com\/wQNsD1Aw8u<\/a><\/p>\n<p>\u2014 Sandro Ramirez (@sandroramirez9) <a href=\"https:\/\/twitter.com\/sandroramirez9\/status\/751091405305606145\">7 de julio de 2016<\/a>\n<\/p><\/blockquote>\n<p><script src=\"\/\/platform.twitter.com\/widgets.js\" async=\"\" charset=\"utf-8\"><\/script><\/p>\n","protected":false},"excerpt":{"rendered":"<p>El delantero buscar\u00e1 m\u00e1s oportunidades con los blanquiazules<\/p>\n","protected":false},"author":20,"featured_media":409091,"comment_status":"closed","ping_status":"closed","sticky":false,"template":"","format":"standard","meta":[],"categories":[3839,3844,5951],"tags":[5984,306],"_links":{"self":[{"href":"http:\/\/desarrollo.grupomedios.com\/futbol\/wp-json\/wp\/v2\/posts\/409089"}],"collection":[{"href":"http:\/\/desarrollo.grupomedios.com\/futbol\/wp-json\/wp\/v2\/posts"}],"about":[{"href":"http:\/\/desarrollo.grupomedios.com\/futbol\/wp-json\/wp\/v2\/types\/post"}],"author":[{"embeddable":true,"href":"http:\/\/desarrollo.grupomedios.com\/futbol\/wp-json\/wp\/v2\/users\/20"}],"replies":[{"embeddable":true,"href":"http:\/\/desarrollo.grupomedios.com\/futbol\/wp-json\/wp\/v2\/comments?post=409089"}],"version-history":[{"count":0,"href":"http:\/\/desarrollo.grupomedios.com\/futbol\/wp-json\/wp\/v2\/posts\/409089\/revisions"}],"wp:featuredmedia":[{"embeddable":true,"href":"http:\/\/desarrollo.grupomedios.com\/futbol\/wp-json\/wp\/v2\/media\/409091"}],"wp:attachment":[{"href":"http:\/\/desarrollo.grupomedios.com\/futbol\/wp-json\/wp\/v2\/media?parent=409089"}],"wp:term":[{"taxonomy":"category","embeddable":true,"href":"http:\/\/desarrollo.grupomedios.com\/futbol\/wp-json\/wp\/v2\/categories?post=409089"},{"taxonomy":"post_tag","embeddable":true,"href":"http:\/\/desarrollo.grupomedios.com\/futbol\/wp-json\/wp\/v2\/tags?post=409089"}],"curies":[{"name":"wp","href":"https:\/\/api.w.org\/{rel}","templated":true}]}}