{"id":409171,"date":"2016-07-07T14:54:38","date_gmt":"2016-07-07T19:54:38","guid":{"rendered":"http:\/\/www.futboltotal.com.mx\/?p=409171"},"modified":"2016-07-07T15:36:16","modified_gmt":"2016-07-07T20:36:16","slug":"oficial-los-convocados-para-tri-olimpico","status":"publish","type":"post","link":"http:\/\/desarrollo.grupomedios.com\/futbol\/destacado-home\/oficial-los-convocados-para-tri-olimpico\/2016\/07","title":{"rendered":"OFICIAL: Los convocados del Tri Ol\u00edmpico"},"content":{"rendered":"<p>\u00a1Por fin! Se acabaron las especulaciones, pues el t\u00e9cnico Ra\u00fal Guti\u00e9rrez dio a conocer la <strong>lista de convocados<\/strong> para conformar el <a href=\"http:\/\/www.futboltotal.com.mx\/futbol-mexicano\/seleccion-mexicana\/\" target=\"_blank\"><strong>Tri Ol\u00edmpico<\/strong><\/a> que participar\u00e1 en <strong>R\u00edo 2016<\/strong>.<\/p>\n<p>Una de las principales pol\u00e9micas fueron los refuerzos, pues los equipos europeos no cedieron a los elementos que necesitaba la selecci\u00f3n nacional, sin embargo, la Federaci\u00f3n Mexicana de Futbol (FMF) agradeci\u00f3 el inter\u00e9s de los futbolistas. En ese rubro destaca que los mayores de edad ser\u00e1n Alfredo Talavera, Oribe Peralta y Jorge Torres Nilo.<\/p>\n<blockquote class=\"twitter-tweet\" data-lang=\"es\">\n<p dir=\"ltr\" lang=\"es\"><a href=\"https:\/\/twitter.com\/hashtag\/Sub23?src=hash\">#Sub23<\/a> \u00a1Por la gloria en <a href=\"https:\/\/twitter.com\/rio2016_es\">@rio2016_es<\/a>!<\/p>\n<p>\u00a1Tenemos equipo confirmado!<a href=\"https:\/\/twitter.com\/hashtag\/Pasi%C3%B3nyOrgullo?src=hash\">#Pasi\u00f3nyOrgullo<\/a> <a href=\"https:\/\/t.co\/xQbwRdTUJh\">https:\/\/t.co\/xQbwRdTUJh<\/a> <a href=\"https:\/\/t.co\/quiS3QaLon\">pic.twitter.com\/quiS3QaLon<\/a><\/p>\n<p>\u2014 Selecci\u00f3n Nacional (@miseleccionmx) <a href=\"https:\/\/twitter.com\/miseleccionmx\/status\/751140169458159616\">7 de julio de 2016<\/a><\/p><\/blockquote>\n<p><script src=\"\/\/platform.twitter.com\/widgets.js\" async=\"\" charset=\"utf-8\"><\/script><\/p>\n<p>El lunes 11 de julio comenzar\u00e1 la concentraci\u00f3n del equipo pero ser\u00e1 s\u00f3lo para acoplar al grupo. Del 17 al 20 se volver\u00e1n a reunir en el CAR, y se trasladar\u00e1n a Zacatepec para enfrentarse a\u00a0los <em>Ca\u00f1eros<\/em>. El 20 de julio rompen filas y el 24 del mismo mes inica la fase final de cara a <strong>R\u00edo 2016<\/strong> para medirse el 28 con\u00a0Argentina.<\/p>\n<p><strong>Lista de convocados<\/strong>\u00a0del\u00a0<strong>Tri Ol\u00edmpico<\/strong>:<\/p>\n<p><strong><span style=\"color: #800000;\">Porteros<\/span><\/strong>: Alfredo Talavera (Toluca) y Manuel Lajud (Xolos).<\/p>\n<p><span style=\"color: #800000;\"><strong>Defensas<\/strong><\/span>: Jos\u00e9 Javier Abella (Santos), Erick Aguirre (Pachuca), C\u00e9sar Montes (Monterrey), Carlos Salcedo (Chivas), Jordan Silva (Toluca) y Jorge Torres Nilo (Tigres).<\/p>\n<p><span style=\"color: #800000;\"><strong>Medios<\/strong><\/span>: Rodolfo Pizarro (Pachuca), V\u00edctor Guzm\u00e1n (Pachuca), Erick Guti\u00e9rrez (Pachuca), Michael P\u00e9rez (Chivas), Carlos Cisneros (Chivas) y Alfonso Gonz\u00e1lez (Monterrey).<\/p>\n<p><span style=\"color: #800000;\"><strong>Delanteros<\/strong><\/span>: Hirving Lozano (Pachuca), Oribe Peralta (Am\u00e9rica), Erick Torres (Houston Dynamo) y Marco Bueno (Chivas).<\/p>\n<p><span style=\"color: #ff0000;\"><strong>VIDEO<\/strong>: Las mejores aficiones de la Eurocopa<\/span><br \/>\n[video_player]https:\/\/player.vimeo.com\/external\/173499566.sd.mp4?s=e7f52fb3429dac9c2cd9f4bfb6168e261587a07b&amp;profile_id=165[\/video_player]<\/p>\n","protected":false},"excerpt":{"rendered":"<p>Jorge Torres Nilo fue el tercer refuerzo del equipo<\/p>\n","protected":false},"author":20,"featured_media":409173,"comment_status":"closed","ping_status":"closed","sticky":false,"template":"","format":"standard","meta":[],"categories":[5,2198,7186,7182,3847],"tags":[5979,2377],"_links":{"self":[{"href":"http:\/\/desarrollo.grupomedios.com\/futbol\/wp-json\/wp\/v2\/posts\/409171"}],"collection":[{"href":"http:\/\/desarrollo.grupomedios.com\/futbol\/wp-json\/wp\/v2\/posts"}],"about":[{"href":"http:\/\/desarrollo.grupomedios.com\/futbol\/wp-json\/wp\/v2\/types\/post"}],"author":[{"embeddable":true,"href":"http:\/\/desarrollo.grupomedios.com\/futbol\/wp-json\/wp\/v2\/users\/20"}],"replies":[{"embeddable":true,"href":"http:\/\/desarrollo.grupomedios.com\/futbol\/wp-json\/wp\/v2\/comments?post=409171"}],"version-history":[{"count":0,"href":"http:\/\/desarrollo.grupomedios.com\/futbol\/wp-json\/wp\/v2\/posts\/409171\/revisions"}],"wp:featuredmedia":[{"embeddable":true,"href":"http:\/\/desarrollo.grupomedios.com\/futbol\/wp-json\/wp\/v2\/media\/409173"}],"wp:attachment":[{"href":"http:\/\/desarrollo.grupomedios.com\/futbol\/wp-json\/wp\/v2\/media?parent=409171"}],"wp:term":[{"taxonomy":"category","embeddable":true,"href":"http:\/\/desarrollo.grupomedios.com\/futbol\/wp-json\/wp\/v2\/categories?post=409171"},{"taxonomy":"post_tag","embeddable":true,"href":"http:\/\/desarrollo.grupomedios.com\/futbol\/wp-json\/wp\/v2\/tags?post=409171"}],"curies":[{"name":"wp","href":"https:\/\/api.w.org\/{rel}","templated":true}]}}