{"id":409216,"date":"2016-07-07T15:53:52","date_gmt":"2016-07-07T20:53:52","guid":{"rendered":"http:\/\/www.futboltotal.com.mx\/?p=409216"},"modified":"2016-07-07T17:15:46","modified_gmt":"2016-07-07T22:15:46","slug":"griezmann-coloca-a-francia-en-la-final-la-euro","status":"publish","type":"post","link":"http:\/\/desarrollo.grupomedios.com\/futbol\/destacado-home\/griezmann-coloca-a-francia-en-la-final-la-euro\/2016\/07","title":{"rendered":"Oh l\u00e0 l\u00e0&#8230; \u00a1Francia elimina a Alemania!"},"content":{"rendered":"<p>Hay ocasiones en que el futbol es ingrato y da la espalda al equipo m\u00e1s tit\u00e1nico, al campe\u00f3n del mundo.<strong> Alemania<\/strong> fue v\u00edctima de ello y no fue suficiente el que haya sido el mejor sobre la cancha. El anfitri\u00f3n <strong>Francia<\/strong> fue el que hizo los goles en el Stade Vel\u00f3drome y al final acab\u00f3 como vencedor. En un partido trepidante, despu\u00e9s de dos fallos puntuales, la <em>Mannschaft<\/em>\u00a0tir\u00f3 la toalla y sucumbi\u00f3 a manos de <em>Les Bleus,\u00a0<\/em>dignos finalistas de la <strong>Eurocopa 2016.\u00a0<\/strong><\/p>\n<p><strong>Alemania<\/strong> domin\u00f3 de principio a fin, pero no fue suficiente para que destronara al anfitri\u00f3n Francia, un equipo pundonoroso que lo soporto todo y que aguant\u00f3 hasta el final del primer tiempo para conseguir destapar el marcador. El arquero Hugo Lloris los sostuvo con sendas atajadas y fue vital para que los suyos se fueran sin dos goles en contra al descanso.<\/p>\n<p style=\"text-align: center;\"><span style=\"color: #3366ff;\"><strong><a style=\"color: #3366ff;\" href=\"http:\/\/www.futboltotal.com.mx\/2016\/07\/francia-portugal-jugaran-la-final-la-eurocopa\/\">LEER M\u00c1S: Definida la Final de la Euro<\/a><\/strong><\/span><\/p>\n<p><strong>Alemania<\/strong> regal\u00f3 la primera ocasi\u00f3n de gol en la agon\u00eda del primer tiempo. Fue tras un cobro de tiro de esquina en el que el mediocampista Schweinsteiger bloque\u00f3 dentro del \u00e1rea un remate de Patrice Evra con la mano. El penalti lo cobr\u00f3 Antoine Griezmann impecable y soberbio enga\u00f1ando por completo a Manuel Neuer.<br \/>\n<iframe loading=\"lazy\" src=\"https:\/\/www.youtube.com\/embed\/wtvQ2Z5Ab5s\" frameborder=\"0\" allowfullscreen=\"allowfullscreen\"><\/iframe><\/p>\n<p>El segundo gol tambi\u00e9n surgi\u00f3 de un error garrafal. Kimmich, quien hab\u00eda dado un gran partido, perdi\u00f3 el esf\u00e9rico cerca del \u00e1rea. Paul Pogba irrumpi\u00f3 para tomarlo y meter un servicio por sector izquierdo que dej\u00f3 a la deriva Manuel Neuer con un pu\u00f1etazo. Con el esf\u00e9rico girando en el \u00e1rea, Antoine Griezmann solo tuvo que puntearlo ante la nula reacci\u00f3n de los centrales alemanes.<\/p>\n<p><iframe loading=\"lazy\" src=\"https:\/\/www.youtube.com\/embed\/KeUnpSmwYG0\" frameborder=\"0\" allowfullscreen=\"allowfullscreen\"><\/iframe><\/p>\n","protected":false},"excerpt":{"rendered":"<p>Un doblete de Griezmann coloca a Les Bleus en la final de la Euro 2016 <\/p>\n","protected":false},"author":20,"featured_media":409226,"comment_status":"closed","ping_status":"closed","sticky":false,"template":"","format":"standard","meta":[],"categories":[5,6995,3839,6999],"tags":[6000,413],"_links":{"self":[{"href":"http:\/\/desarrollo.grupomedios.com\/futbol\/wp-json\/wp\/v2\/posts\/409216"}],"collection":[{"href":"http:\/\/desarrollo.grupomedios.com\/futbol\/wp-json\/wp\/v2\/posts"}],"about":[{"href":"http:\/\/desarrollo.grupomedios.com\/futbol\/wp-json\/wp\/v2\/types\/post"}],"author":[{"embeddable":true,"href":"http:\/\/desarrollo.grupomedios.com\/futbol\/wp-json\/wp\/v2\/users\/20"}],"replies":[{"embeddable":true,"href":"http:\/\/desarrollo.grupomedios.com\/futbol\/wp-json\/wp\/v2\/comments?post=409216"}],"version-history":[{"count":0,"href":"http:\/\/desarrollo.grupomedios.com\/futbol\/wp-json\/wp\/v2\/posts\/409216\/revisions"}],"wp:featuredmedia":[{"embeddable":true,"href":"http:\/\/desarrollo.grupomedios.com\/futbol\/wp-json\/wp\/v2\/media\/409226"}],"wp:attachment":[{"href":"http:\/\/desarrollo.grupomedios.com\/futbol\/wp-json\/wp\/v2\/media?parent=409216"}],"wp:term":[{"taxonomy":"category","embeddable":true,"href":"http:\/\/desarrollo.grupomedios.com\/futbol\/wp-json\/wp\/v2\/categories?post=409216"},{"taxonomy":"post_tag","embeddable":true,"href":"http:\/\/desarrollo.grupomedios.com\/futbol\/wp-json\/wp\/v2\/tags?post=409216"}],"curies":[{"name":"wp","href":"https:\/\/api.w.org\/{rel}","templated":true}]}}