{"id":409275,"date":"2016-07-07T17:12:32","date_gmt":"2016-07-07T22:12:32","guid":{"rendered":"http:\/\/www.futboltotal.com.mx\/?p=409275"},"modified":"2016-07-07T17:12:32","modified_gmt":"2016-07-07T22:12:32","slug":"oribe-peralta-la-esperanza-del-tri-olimpico","status":"publish","type":"post","link":"http:\/\/desarrollo.grupomedios.com\/futbol\/videos\/oribe-peralta-la-esperanza-del-tri-olimpico\/2016\/07","title":{"rendered":"Oribe Peralta, la esperanza del Tri Ol\u00edmpico"},"content":{"rendered":"<p>La <a href=\"http:\/\/www.futboltotal.com.mx\/2016\/07\/oficial-los-convocados-para-tri-olimpico\/\" target=\"_blank\">lista de convocados<\/a> para conformar al <strong>Tri Ol\u00edmpico<\/strong> que participar\u00e1 en <strong>R\u00edo 2016<\/strong> qued\u00f3 definida, en ella destaca que nuevamente <strong>Oribe Peralta<\/strong> se decanta como el hombre que deber\u00e1 echarse el equipo al hombro para so\u00f1ar con la segunda medalla de oro; esto para emular lo hecho en Londres 2012 donde colabor\u00f3 con cuatro goles.<\/p>\n<p><span style=\"color: #ff0000;\"><strong>VIDEO<\/strong>: Oribe Peralta, la esperanza del Tri Ol\u00edmpico<\/span><\/p>\n<p>[video_player]https:\/\/player.vimeo.com\/external\/173825334.sd.mp4?s=d8fa09bafa0c20721aa37c47e961f06a98915c29&amp;profile_id=165[\/video_player]<\/p>\n","protected":false},"excerpt":{"rendered":"<p>La ilusi\u00f3n de otro oro recae principalmente en el Cepillo <\/p>\n","protected":false},"author":20,"featured_media":409276,"comment_status":"closed","ping_status":"closed","sticky":false,"template":"","format":"standard","meta":[],"categories":[2198,7186,7182,3847,4],"tags":[5979,7244],"_links":{"self":[{"href":"http:\/\/desarrollo.grupomedios.com\/futbol\/wp-json\/wp\/v2\/posts\/409275"}],"collection":[{"href":"http:\/\/desarrollo.grupomedios.com\/futbol\/wp-json\/wp\/v2\/posts"}],"about":[{"href":"http:\/\/desarrollo.grupomedios.com\/futbol\/wp-json\/wp\/v2\/types\/post"}],"author":[{"embeddable":true,"href":"http:\/\/desarrollo.grupomedios.com\/futbol\/wp-json\/wp\/v2\/users\/20"}],"replies":[{"embeddable":true,"href":"http:\/\/desarrollo.grupomedios.com\/futbol\/wp-json\/wp\/v2\/comments?post=409275"}],"version-history":[{"count":0,"href":"http:\/\/desarrollo.grupomedios.com\/futbol\/wp-json\/wp\/v2\/posts\/409275\/revisions"}],"wp:featuredmedia":[{"embeddable":true,"href":"http:\/\/desarrollo.grupomedios.com\/futbol\/wp-json\/wp\/v2\/media\/409276"}],"wp:attachment":[{"href":"http:\/\/desarrollo.grupomedios.com\/futbol\/wp-json\/wp\/v2\/media?parent=409275"}],"wp:term":[{"taxonomy":"category","embeddable":true,"href":"http:\/\/desarrollo.grupomedios.com\/futbol\/wp-json\/wp\/v2\/categories?post=409275"},{"taxonomy":"post_tag","embeddable":true,"href":"http:\/\/desarrollo.grupomedios.com\/futbol\/wp-json\/wp\/v2\/tags?post=409275"}],"curies":[{"name":"wp","href":"https:\/\/api.w.org\/{rel}","templated":true}]}}