{"id":409294,"date":"2016-07-08T08:00:57","date_gmt":"2016-07-08T13:00:57","guid":{"rendered":"http:\/\/www.futboltotal.com.mx\/?p=409294"},"modified":"2016-07-08T12:22:45","modified_gmt":"2016-07-08T17:22:45","slug":"los-olvidados-del-balon-oro-la-liga-mx","status":"publish","type":"post","link":"http:\/\/desarrollo.grupomedios.com\/futbol\/destacado-home\/los-olvidados-del-balon-oro-la-liga-mx\/2016\/07","title":{"rendered":"Los olvidados del Bal\u00f3n de Oro de la Liga MX"},"content":{"rendered":"<p>Despu\u00e9s de cuatro a\u00f1os de espera, el <strong>Bal\u00f3n de Oro<\/strong> de la <a href=\"http:\/\/www.futboltotal.com.mx\/futbol-mexicano\/\" target=\"_blank\"><strong>Liga MX<\/strong><\/a> regres\u00f3, los nominados est\u00e1n definidos, pero al ser dos por cada categor\u00eda se dejaron fuera a jugadores que tambi\u00e9n tienen argumentos para pelear por ser los mejores de sus\u00a0rubros, por eso te mostramos otra opciones.<\/p>\n<p><em>Crack<\/em>, vota por tus favoritos.<\/p>\n<p><script src=\"\/\/cdn.playbuzz.com\/widget\/feed.js\" type=\"text\/javascript\"><\/script><\/p>\n<div class=\"pb_feed\" data-embed-by=\"d43f3879-83ed-40bc-99d7-fde80605466f\" data-game=\"\/futboltotal\/los-olvidados-del-bal-n-de-oro-de-la-liga-mx\" data-recommend=\"false\" data-game-info=\"false\" data-comments=\"false\"><\/div>\n<p><span style=\"color: #ff0000;\"><strong>VIDEO<\/strong>: Las mejores aficiones de la Eurocopa<\/span><br \/>\n[video_player]https:\/\/player.vimeo.com\/external\/173499566.sd.mp4?s=e7f52fb3429dac9c2cd9f4bfb6168e261587a07b&amp;profile_id=165[\/video_player]<\/p>\n","protected":false},"excerpt":{"rendered":"<p>Estos jugadores tambi\u00e9n merec\u00eda pelear por el reconocimiento <\/p>\n","protected":false},"author":20,"featured_media":409295,"comment_status":"closed","ping_status":"closed","sticky":false,"template":"","format":"standard","meta":[],"categories":[5,2198,3845],"tags":[64],"_links":{"self":[{"href":"http:\/\/desarrollo.grupomedios.com\/futbol\/wp-json\/wp\/v2\/posts\/409294"}],"collection":[{"href":"http:\/\/desarrollo.grupomedios.com\/futbol\/wp-json\/wp\/v2\/posts"}],"about":[{"href":"http:\/\/desarrollo.grupomedios.com\/futbol\/wp-json\/wp\/v2\/types\/post"}],"author":[{"embeddable":true,"href":"http:\/\/desarrollo.grupomedios.com\/futbol\/wp-json\/wp\/v2\/users\/20"}],"replies":[{"embeddable":true,"href":"http:\/\/desarrollo.grupomedios.com\/futbol\/wp-json\/wp\/v2\/comments?post=409294"}],"version-history":[{"count":0,"href":"http:\/\/desarrollo.grupomedios.com\/futbol\/wp-json\/wp\/v2\/posts\/409294\/revisions"}],"wp:featuredmedia":[{"embeddable":true,"href":"http:\/\/desarrollo.grupomedios.com\/futbol\/wp-json\/wp\/v2\/media\/409295"}],"wp:attachment":[{"href":"http:\/\/desarrollo.grupomedios.com\/futbol\/wp-json\/wp\/v2\/media?parent=409294"}],"wp:term":[{"taxonomy":"category","embeddable":true,"href":"http:\/\/desarrollo.grupomedios.com\/futbol\/wp-json\/wp\/v2\/categories?post=409294"},{"taxonomy":"post_tag","embeddable":true,"href":"http:\/\/desarrollo.grupomedios.com\/futbol\/wp-json\/wp\/v2\/tags?post=409294"}],"curies":[{"name":"wp","href":"https:\/\/api.w.org\/{rel}","templated":true}]}}