{"id":409356,"date":"2016-07-08T09:00:53","date_gmt":"2016-07-08T14:00:53","guid":{"rendered":"http:\/\/www.futboltotal.com.mx\/?p=409356"},"modified":"2016-07-08T12:34:40","modified_gmt":"2016-07-08T17:34:40","slug":"marcelo-bielsa-renuncio-a-la-lazio-dos-dias-despues","status":"publish","type":"post","link":"http:\/\/desarrollo.grupomedios.com\/futbol\/futbol-internacional\/marcelo-bielsa-renuncio-a-la-lazio-dos-dias-despues\/2016\/07","title":{"rendered":"Bielsa deja botada a la Lazio y renuncia"},"content":{"rendered":"<p>El t\u00e9cnico argentino <strong>Marcelo Bielsa<\/strong>, que firm\u00f3 la semana pasada un acuerdo para entrenar al <strong>Lazio<\/strong>, inform\u00f3 hoy al club italiano de que decidi\u00f3 dimitir, lo que le har\u00e1 incurrir en acciones legales, seg\u00fan comunic\u00f3 la entidad romana en su p\u00e1gina web.<\/p>\n<blockquote class=\"twitter-tweet\" data-lang=\"es\">\n<p dir=\"ltr\" lang=\"it\">Comunicato 08.07.2016 <a href=\"https:\/\/t.co\/1c7Y22LcHy\">https:\/\/t.co\/1c7Y22LcHy<\/a><\/p>\n<p>\u2014 SS Lazio (@OfficialSSLazio) <a href=\"https:\/\/twitter.com\/OfficialSSLazio\/status\/751345220936138752\">8 de julio de 2016<\/a><\/p><\/blockquote>\n<p><script src=\"\/\/platform.twitter.com\/widgets.js\" async=\"\" charset=\"utf-8\"><\/script><\/p>\n<p>&#8220;Tomamos nota con estupor de las dimisiones del se\u00f1or <strong>Marcelo Bielsa<\/strong> y de sus colaboradores, en clara violaci\u00f3n de los compromisos aceptados con los contratos firmados la semana pasada y regularmente depositados en la Liga italiana y la Federaci\u00f3n de F\u00fatbol&#8221;, public\u00f3 la\u00a0<strong>Lazio<\/strong>.<\/p>\n<p>El club italiano destac\u00f3 adem\u00e1s que va a &#8220;proteger&#8221; sus derechos y que de momento el club ser\u00e1 entrenado por Simone Inzaghi.<\/p>\n<p>&#8220;La sociedad preparar\u00e1 acciones legales para proteger sus derechos. La direcci\u00f3n del equipo en la concentraci\u00f3n preparatoria pasa a Simone Inzaghi&#8221;, se informa.<\/p>\n<p style=\"text-align: center;\"><span style=\"color: #3366ff;\">LEER M\u00c1S:\u00a0<a style=\"color: #3366ff;\" href=\"http:\/\/www.futboltotal.com.mx\/2016\/07\/mercado-fichajes-en-europa\/\">Mercado de fichajes en Europa<\/a><\/span><\/p>\n<p>El &#8220;estupor&#8221; del <strong>Lazio<\/strong> se debe a que <strong>Bielsa<\/strong> hab\u00eda aceptado y firmado un contrato con el club italiano la semana pasada y los directivos ya lo hab\u00edan depositado en las oficinas de la Liga de F\u00fatbol italiana.<\/p>\n<p>Sin embargo, los retrasos en la comunicaci\u00f3n oficial del acuerdo con el t\u00e9cnico desataron muchas especulaciones en los medios italianos, lo que llev\u00f3 al club a publicar un comunicado el pasado 5 de julio en el que se aseguraba que Bielsa iba a llegar a Roma el s\u00e1bado 8 para empezar la pretemporada.<\/p>\n<p>El club no dio detalles sobre las razones por las que el exentrenador de Athletic Bilbao y Marsella rechaz\u00f3 el cargo, aunque varios medios locales suponen que la falta de fichajes oficiales llevaron a <strong>Bielsa<\/strong> a dimitir incluso antes de empezar la experiencia italiana. EFE<\/p>\n","protected":false},"excerpt":{"rendered":"<p>Todav\u00eda no dirig\u00eda ni un entrenamiento y ya renunci\u00f3 al equipo<\/p>\n","protected":false},"author":20,"featured_media":409357,"comment_status":"closed","ping_status":"closed","sticky":false,"template":"","format":"standard","meta":[],"categories":[3839,3848,5951],"tags":[6214,1173],"_links":{"self":[{"href":"http:\/\/desarrollo.grupomedios.com\/futbol\/wp-json\/wp\/v2\/posts\/409356"}],"collection":[{"href":"http:\/\/desarrollo.grupomedios.com\/futbol\/wp-json\/wp\/v2\/posts"}],"about":[{"href":"http:\/\/desarrollo.grupomedios.com\/futbol\/wp-json\/wp\/v2\/types\/post"}],"author":[{"embeddable":true,"href":"http:\/\/desarrollo.grupomedios.com\/futbol\/wp-json\/wp\/v2\/users\/20"}],"replies":[{"embeddable":true,"href":"http:\/\/desarrollo.grupomedios.com\/futbol\/wp-json\/wp\/v2\/comments?post=409356"}],"version-history":[{"count":0,"href":"http:\/\/desarrollo.grupomedios.com\/futbol\/wp-json\/wp\/v2\/posts\/409356\/revisions"}],"wp:featuredmedia":[{"embeddable":true,"href":"http:\/\/desarrollo.grupomedios.com\/futbol\/wp-json\/wp\/v2\/media\/409357"}],"wp:attachment":[{"href":"http:\/\/desarrollo.grupomedios.com\/futbol\/wp-json\/wp\/v2\/media?parent=409356"}],"wp:term":[{"taxonomy":"category","embeddable":true,"href":"http:\/\/desarrollo.grupomedios.com\/futbol\/wp-json\/wp\/v2\/categories?post=409356"},{"taxonomy":"post_tag","embeddable":true,"href":"http:\/\/desarrollo.grupomedios.com\/futbol\/wp-json\/wp\/v2\/tags?post=409356"}],"curies":[{"name":"wp","href":"https:\/\/api.w.org\/{rel}","templated":true}]}}