{"id":409388,"date":"2016-07-08T12:44:46","date_gmt":"2016-07-08T17:44:46","guid":{"rendered":"http:\/\/www.futboltotal.com.mx\/?p=409388"},"modified":"2016-07-08T12:44:46","modified_gmt":"2016-07-08T17:44:46","slug":"guardiola-mourinho-lo-ayuda-a-mejor","status":"publish","type":"post","link":"http:\/\/desarrollo.grupomedios.com\/futbol\/futbol-internacional\/guardiola-mourinho-lo-ayuda-a-mejor\/2016\/07","title":{"rendered":"Para Guardiola, Mourinho lo ayuda a ser mejor"},"content":{"rendered":"<p>El nuevo t\u00e9cnico del <strong>Manchester City<\/strong>, <strong><em>Pep<\/em> Guardiola<\/strong>, tuvo su primera conferencia de prensa como entrenador de los\u00a0<em>Citzens\u00a0<\/em>y los medios no duraron en preguntarle sobre la rivalidad que tendr\u00e1 con <strong>Jos\u00e9 Mourinho<\/strong>, quien tambi\u00e9n reci\u00e9n lleg\u00f3 al Manchester United, m\u00e1ximo rival de la ciudad.<\/p>\n<p><img decoding=\"async\" loading=\"lazy\" class=\"alignnone size-full wp-image-409396\" src=\"http:\/\/www.futboltotal.com.mx\/wp-content\/uploads\/2016\/07\/Frase-pep-sobre-mou-1.jpg\" alt=\"Frase-pep-sobre-mou\" srcset=\"http:\/\/desarrollo.grupomedios.com\/futbol\/wp-content\/uploads\/2016\/07\/Frase-pep-sobre-mou-1.jpg 1880w, http:\/\/desarrollo.grupomedios.com\/futbol\/wp-content\/uploads\/2016\/07\/Frase-pep-sobre-mou-1-300x251.jpg 300w, http:\/\/desarrollo.grupomedios.com\/futbol\/wp-content\/uploads\/2016\/07\/Frase-pep-sobre-mou-1-768x644.jpg 768w, http:\/\/desarrollo.grupomedios.com\/futbol\/wp-content\/uploads\/2016\/07\/Frase-pep-sobre-mou-1-1024x858.jpg 1024w\" sizes=\"(max-width: 1880px) 100vw, 1880px\" \/><\/p>\n<p>Asimismo,\u00a0<em><strong>Pep<\/strong>\u00a0<\/em>tambi\u00e9n halag\u00f3 a sus dem\u00e1s colegas que enfrentar\u00e1 en Inglaterra, pues esta nueva temporada se ver\u00e1n grandes t\u00e9cnicos que buscar\u00e1n levantar el t\u00edtulo. &#8220;Ser\u00e1 muy interesante ver como ser\u00e1 esta <strong>Premier<\/strong>. (Antonio) Conte es un gran fichaje para el Chelsea y un maestro de la t\u00e1ctica. Tambi\u00e9n (J\u00fcrgen) Klopp, a quien conoc\u00ed en Alemania; (Ronald) Koeman, un gran amigo; y (Claudio) Ranieri. Ser\u00e1 una gran <strong>Premier<\/strong>&#8220;.<\/p>\n<p>Adem\u00e1s, el t\u00e9cnico catal\u00e1n tambi\u00e9n habl\u00f3 sobre sus expectativas en la <strong>Premier League<\/strong>, donde asegur\u00f3 que llega\u00a0para afrontar un reto que tiene con \u00e9l mismo.\u00a0\u201cNo he estado aqu\u00ed en campos con viento, lloviendo, nevando. En las condiciones inglesas. Hay gente que dice que <strong><em>Pep<\/em><\/strong> no puede jugar en estas condiciones. Vamos a probarlo.\u00a0Los mejores jugadores pueden venir aqu\u00ed, en Inglaterra. Yo no se la raz\u00f3n por la que los otros t\u00e9cnicos vienen aqu\u00ed, solo puedo comentar mi caso&#8221;, coment\u00f3.<\/p>\n<p style=\"text-align: center;\"><span style=\"color: #3366ff;\">LEER M\u00c1S:\u00a0<a style=\"color: #3366ff;\" href=\"http:\/\/www.futboltotal.com.mx\/2016\/07\/victor-valdes-nuevo-jugador-del-middlesbrough\/\">V\u00edctor Vald\u00e9s cambia de equipo en la Premier League<\/a><\/span><\/p>\n<p><strong>Guardiola<\/strong> tambi\u00e9n habl\u00f3 sobre su estilo de juego y explic\u00f3 que buscar\u00e1 un punto para que los jugadores puedan entender su filosof\u00eda, aunque conf\u00eda en la calidad de sus jugadores.\u00a0&#8220;No puedo convencer a los jugadores de una cosa que no creo. Cuando llegu\u00e9 al Bayern, intent\u00e9 llevar la idea que sent\u00eda. Pero inmediatamente entend\u00ed que deb\u00eda adaptarme a la calidad de mis jugadores. Y al tipo de juego de la liga alemana. As\u00ed que estoy seguro que ser\u00e1 totalmente diferente aqu\u00ed y voy a adaptar mis ideas a los jugadores.\u00a0Estoy aqu\u00ed por esto. Para probar si puede hacer funcionar mi idea de juego en una liga tan f\u00edsica. Siento que es el mejor momento para intentarlo. Luego, lo veremos\u201d, explic\u00f3.<\/p>\n<p>El ex t\u00e9cnico del Bayern M\u00fanich tambi\u00e9n fue cuestionado por el puesto de entrenador\u00a0de la Selecci\u00f3n Espa\u00f1ola despu\u00e9s de la salida de Vicente Del Bosque, pero asegur\u00f3 que en estos momentos no entra en sus planes.\u00a0&#8220;Yo soy un entrenador de club, de rutina diaria&#8221;.<\/p>\n<blockquote class=\"twitter-tweet\" data-lang=\"es\">\n<p dir=\"ltr\" lang=\"es\">Ya. VIDEO en espa\u00f1ol de la 1a rueda de prensa de Guardiola como entrenador del City.<\/p>\n<p>\u27a1 <a href=\"https:\/\/t.co\/Vqob4xWilT\">https:\/\/t.co\/Vqob4xWilT<\/a><a href=\"https:\/\/t.co\/ayZxu3Kzdj\">pic.twitter.com\/ayZxu3Kzdj<\/a><\/p>\n<p>\u2014 Manchester City (@ManCityES) <a href=\"https:\/\/twitter.com\/ManCityES\/status\/751454573642944512\">8 de julio de 2016<\/a><\/p><\/blockquote>\n<p><script src=\"\/\/platform.twitter.com\/widgets.js\" async=\"\" charset=\"utf-8\"><\/script><\/p>\n","protected":false},"excerpt":{"rendered":"<p>El espa\u00f1ol dio su primera conferencia de prensa con el City<\/p>\n","protected":false},"author":20,"featured_media":409405,"comment_status":"closed","ping_status":"closed","sticky":false,"template":"","format":"standard","meta":[],"categories":[3839,3846,5951],"tags":[2510,334],"_links":{"self":[{"href":"http:\/\/desarrollo.grupomedios.com\/futbol\/wp-json\/wp\/v2\/posts\/409388"}],"collection":[{"href":"http:\/\/desarrollo.grupomedios.com\/futbol\/wp-json\/wp\/v2\/posts"}],"about":[{"href":"http:\/\/desarrollo.grupomedios.com\/futbol\/wp-json\/wp\/v2\/types\/post"}],"author":[{"embeddable":true,"href":"http:\/\/desarrollo.grupomedios.com\/futbol\/wp-json\/wp\/v2\/users\/20"}],"replies":[{"embeddable":true,"href":"http:\/\/desarrollo.grupomedios.com\/futbol\/wp-json\/wp\/v2\/comments?post=409388"}],"version-history":[{"count":0,"href":"http:\/\/desarrollo.grupomedios.com\/futbol\/wp-json\/wp\/v2\/posts\/409388\/revisions"}],"wp:featuredmedia":[{"embeddable":true,"href":"http:\/\/desarrollo.grupomedios.com\/futbol\/wp-json\/wp\/v2\/media\/409405"}],"wp:attachment":[{"href":"http:\/\/desarrollo.grupomedios.com\/futbol\/wp-json\/wp\/v2\/media?parent=409388"}],"wp:term":[{"taxonomy":"category","embeddable":true,"href":"http:\/\/desarrollo.grupomedios.com\/futbol\/wp-json\/wp\/v2\/categories?post=409388"},{"taxonomy":"post_tag","embeddable":true,"href":"http:\/\/desarrollo.grupomedios.com\/futbol\/wp-json\/wp\/v2\/tags?post=409388"}],"curies":[{"name":"wp","href":"https:\/\/api.w.org\/{rel}","templated":true}]}}