{"id":409398,"date":"2016-07-08T12:37:07","date_gmt":"2016-07-08T17:37:07","guid":{"rendered":"http:\/\/www.futboltotal.com.mx\/?p=409398"},"modified":"2016-07-08T12:37:07","modified_gmt":"2016-07-08T17:37:07","slug":"leicester-city-ficha-al-nigeriano-musa","status":"publish","type":"post","link":"http:\/\/desarrollo.grupomedios.com\/futbol\/futbol-internacional\/leicester-city-ficha-al-nigeriano-musa\/2016\/07","title":{"rendered":"Leicester City ficha al nigeriano Musa"},"content":{"rendered":"<p>El <strong>Leicester City<\/strong>, vigente campe\u00f3n de la Premier League, anunci\u00f3 este viernes el fichaje del atacante nigeriano <strong>Ahmed Musa<\/strong>, por 16 millones de libras (18,7 millones de euros), r\u00e9cord del club.<\/p>\n<p><strong>Musa<\/strong>, de 23 a\u00f1os, estaba en la \u00f3rbita tambi\u00e9n de Southampton, Everton y West Ham, llega al King Power Stadium procedente del CSKA de Mosc\u00fa con un contrato para las pr\u00f3ximas cuatro temporadas.<\/p>\n<blockquote class=\"twitter-tweet\" data-lang=\"es\">\n<p dir=\"ltr\" lang=\"en\">Ahmed Musa: &#8220;They are like a family. That\u2019s why I joined <a href=\"https:\/\/twitter.com\/hashtag\/lcfc?src=hash\">#lcfc<\/a> and I\u2019m very excited.&#8221;<\/p>\n<p>\u26bd\ufe0f <a href=\"https:\/\/t.co\/NKnb0Lb11u\">pic.twitter.com\/NKnb0Lb11u<\/a><\/p>\n<p>\u2014 Leicester City (@LCFC) <a href=\"https:\/\/twitter.com\/LCFC\/status\/751453919520448512\">8 de julio de 2016<\/a><\/p><\/blockquote>\n<p><script src=\"\/\/platform.twitter.com\/widgets.js\" async=\"\" charset=\"utf-8\"><\/script><\/p>\n<p>El africano, que fich\u00f3 por el conjunto de la capital rusa en 2012 (168 partidos, 12 goles), se ha convertido en el tercer refuerzo de los <em>Foxes<\/em> para la temporada 2016\/2017, tras el portero alem\u00e1n Ron-Robert Zieler, el defensa espa\u00f1ol Luis Hern\u00e1ndez y el centrocampista franc\u00e9s Nampalys Mendy.<\/p>\n<p>&#8220;Estoy muy feliz de llegar al <strong>Leicester City<\/strong>, uno de los mejores clubes que hay. Decid\u00ed venir porque es uno de los conjuntos punteros de la Premier League y aqu\u00ed son todos como una gran familia&#8221; asegur\u00f3 <strong>Musa<\/strong>.<\/p>\n<p>&#8220;Estoy deseando conocer a los aficionados y har\u00e9 todo lo que pueda para que est\u00e9n contentos conmigo&#8221;, prosigui\u00f3 el nigeriano, en unas declaraciones a la p\u00e1gina web de su nuevo club.<\/p>\n<p><span style=\"color: #ff0000;\"><strong>VIDEO<\/strong>: Las mejores aficiones de la Eurocopa<\/span><br \/>\n[video_player]https:\/\/player.vimeo.com\/external\/173499566.sd.mp4?s=e7f52fb3429dac9c2cd9f4bfb6168e261587a07b&amp;profile_id=165[\/video_player]<\/p>\n","protected":false},"excerpt":{"rendered":"<p>El africano se convirti\u00f3 en una contrataci\u00f3n r\u00e9cord de los Foxes <\/p>\n","protected":false},"author":144,"featured_media":409399,"comment_status":"closed","ping_status":"closed","sticky":false,"template":"","format":"standard","meta":[],"categories":[3839,3846,5951],"tags":[775,7245],"_links":{"self":[{"href":"http:\/\/desarrollo.grupomedios.com\/futbol\/wp-json\/wp\/v2\/posts\/409398"}],"collection":[{"href":"http:\/\/desarrollo.grupomedios.com\/futbol\/wp-json\/wp\/v2\/posts"}],"about":[{"href":"http:\/\/desarrollo.grupomedios.com\/futbol\/wp-json\/wp\/v2\/types\/post"}],"author":[{"embeddable":true,"href":"http:\/\/desarrollo.grupomedios.com\/futbol\/wp-json\/wp\/v2\/users\/144"}],"replies":[{"embeddable":true,"href":"http:\/\/desarrollo.grupomedios.com\/futbol\/wp-json\/wp\/v2\/comments?post=409398"}],"version-history":[{"count":0,"href":"http:\/\/desarrollo.grupomedios.com\/futbol\/wp-json\/wp\/v2\/posts\/409398\/revisions"}],"wp:featuredmedia":[{"embeddable":true,"href":"http:\/\/desarrollo.grupomedios.com\/futbol\/wp-json\/wp\/v2\/media\/409399"}],"wp:attachment":[{"href":"http:\/\/desarrollo.grupomedios.com\/futbol\/wp-json\/wp\/v2\/media?parent=409398"}],"wp:term":[{"taxonomy":"category","embeddable":true,"href":"http:\/\/desarrollo.grupomedios.com\/futbol\/wp-json\/wp\/v2\/categories?post=409398"},{"taxonomy":"post_tag","embeddable":true,"href":"http:\/\/desarrollo.grupomedios.com\/futbol\/wp-json\/wp\/v2\/tags?post=409398"}],"curies":[{"name":"wp","href":"https:\/\/api.w.org\/{rel}","templated":true}]}}