{"id":409407,"date":"2016-07-08T12:59:52","date_gmt":"2016-07-08T17:59:52","guid":{"rendered":"http:\/\/www.futboltotal.com.mx\/?p=409407"},"modified":"2016-07-08T12:59:52","modified_gmt":"2016-07-08T17:59:52","slug":"africa-conquistaria-la-eurocopa","status":"publish","type":"post","link":"http:\/\/desarrollo.grupomedios.com\/futbol\/futbol-internacional\/africa-conquistaria-la-eurocopa\/2016\/07","title":{"rendered":"\u00c1frica conquistar\u00eda la Eurocopa"},"content":{"rendered":"<p>Renato Sanches, Nani, Joao M\u00e1rio, William Carvalho, Danilo, Eliseu y \u00c9der son los siete internacionales de <strong>Portugal<\/strong>\u00a0de sangre africana que estar\u00e1n representados en la final la <a href=\"http:\/\/www.futboltotal.com.mx\/eurocopa-2016\/\" target=\"_blank\"><strong>Eurocopa<\/strong><\/a> de este domingo, ante la tambi\u00e9n multicultural <strong>Francia<\/strong>.<\/p>\n<p>Se trata de la selecci\u00f3n lusa con ascendencia m\u00e1s africana en torneos europeos.<\/p>\n<p>En sus seis participaciones anteriores, s\u00f3lo la <strong>Eurocopa<\/strong> de 1996 se acerca a la actual plantilla de convocados, con seis jugadores nacidos en las antiguas colonias africanas de dicho pa\u00eds.<\/p>\n<blockquote class=\"twitter-tweet\" data-lang=\"es\">\n<p dir=\"ltr\" lang=\"es\">Indignaci\u00f3n en Twitter ante la celebraci\u00f3n de Francia tras la victoria de\u2026 <a href=\"https:\/\/t.co\/vd00rMFeRC\">https:\/\/t.co\/vd00rMFeRC<\/a> <a href=\"https:\/\/twitter.com\/hashtag\/Euro2016?src=hash\">#Euro2016<\/a> <a href=\"https:\/\/t.co\/GgivZU9fi6\">pic.twitter.com\/GgivZU9fi6<\/a><\/p>\n<p>\u2014 EuroCopa 2016 (@laEuroCopa) <a href=\"https:\/\/twitter.com\/laEuroCopa\/status\/751420119859900416\">8 de julio de 2016<\/a><\/p><\/blockquote>\n<p><script src=\"\/\/platform.twitter.com\/widgets.js\" async=\"\" charset=\"utf-8\"><\/script><\/p>\n<p>Renato Sanches, del Bayern de M\u00fanich, y Nani, nuevo fichaje del Valencia, tienen padres de Cabo Verde, un peque\u00f1o archipi\u00e9lago de unos 500 mil habitantes situada a unos 1.500 kil\u00f3metros de las Islas Canarias espa\u00f1olas.<\/p>\n<p>Sanches, nacido en Lisboa en agosto de 1997, ha hecho de sus or\u00edgenes caboverdianas un motivo de orgullo.<\/p>\n<p>Luce unas gruesas trenzas y siempre que tiene la oportunidad ensalza la cultura que ha heredado.<\/p>\n<p>&#8220;La sangre, los or\u00edgenes y los h\u00e1bitos son caboverdianos. Soy portugu\u00e9s con mucho orgullo, pero tambi\u00e9n adoro mis ra\u00edces africanas&#8221;, declar\u00f3 Sanches, de 18 a\u00f1os, el pasado mayo, en una entrevista concedido a la revista portuguesa <em>S\u00e1bado<\/em>.<\/p>\n<p>Nani, de 29 a\u00f1os, naci\u00f3 en Amadora, a las afueras de Lisboa, pero conserva la nacionalidad de Cabo Verde de sus progenitores.<\/p>\n<p><a href=\"http:\/\/www.futboltotal.com.mx\/wp-content\/uploads\/2016\/07\/portugal-final-eurocopa-noticias-1.jpg\"><img decoding=\"async\" loading=\"lazy\" class=\"alignnone size-full wp-image-409412\" src=\"http:\/\/www.futboltotal.com.mx\/wp-content\/uploads\/2016\/07\/portugal-final-eurocopa-noticias-1.jpg\" alt=\"portugal-final-eurocopa-noticias-1\" srcset=\"http:\/\/desarrollo.grupomedios.com\/futbol\/wp-content\/uploads\/2016\/07\/portugal-final-eurocopa-noticias-1.jpg 858w, http:\/\/desarrollo.grupomedios.com\/futbol\/wp-content\/uploads\/2016\/07\/portugal-final-eurocopa-noticias-1-300x151.jpg 300w, http:\/\/desarrollo.grupomedios.com\/futbol\/wp-content\/uploads\/2016\/07\/portugal-final-eurocopa-noticias-1-768x386.jpg 768w, http:\/\/desarrollo.grupomedios.com\/futbol\/wp-content\/uploads\/2016\/07\/portugal-final-eurocopa-noticias-1-340x171.jpg 340w\" sizes=\"(max-width: 858px) 100vw, 858px\" \/><\/a><\/p>\n<p>Junto a decenas de miles de caboverdianos, tambi\u00e9n emigraron a <strong>Portugal<\/strong> poblaciones de otras antiguas colonias lusas en \u00c1frica a partir de 1974, cuando \u00e9sa naci\u00f3n derrib\u00f3 una larga dictadura, instaur\u00f3 la democracia y disfrut\u00f3 de un periodo de crecimiento.<\/p>\n<p>Emigrantes de Angola, Mozambique, Guinea-Bissau y Santo Tom\u00e9 y Pr\u00edncipe poblaron, como los padres de Sanches y Nani, los duros suburbios de la capital Lisboa y de Oporto.<\/p>\n<p>De Angola proceden los padres de William Carvalho, medio centro del Sporting, y del interior Joao M\u00e1rio, tambi\u00e9n del Sporting.<\/p>\n<p>William creci\u00f3 en las afueras de Lisboa, mientras que Joao M\u00e1rio lo hizo en Oporto.<\/p>\n<p>\u00c9der, delantero del Lille de 28 a\u00f1os, Danilo Pereira, medio del Oporto de 24 a\u00f1os, son los representantes de Guinea Bissau, un inestable pa\u00eds sacudido por el tr\u00e1fico de droga y por la pobreza.<\/p>\n<p><iframe loading=\"lazy\" src=\"https:\/\/www.youtube.com\/embed\/1Ancg4E7kbE\" frameborder=\"0\" allowfullscreen=\"allowfullscreen\"><\/iframe><br \/>\nAmbos nacieron en la capital Bissau y emigraron a Lisboa cuando eras ni\u00f1os.<\/p>\n<p>El lateral zurdo del Benfica Eliseu, que naci\u00f3 en el archipi\u00e9lago de Las Azores hace 32 a\u00f1os, est\u00e1 relacionado con Cabo Verde por la parte materna.<\/p>\n<p>Este domingo, en el estadio de Saint Denis de Par\u00eds, cuatro de los 11 titulares ser\u00e1n afrodescencientes.<\/p>\n<p>Se espera que el seleccionador Fernando Santos alinee en el once ante Francia a Renato Sanches, Nani, Joao M\u00e1rio y William Carvalho.<\/p>\n<p>La sangre africana en la selecci\u00f3n lusa no es algo nuevo. En la gran selecci\u00f3n del Mundial de 1966, en la que Portugal fue tercera, dos de las principales figuras se hab\u00edan nacido y criado en Mozambique: los legendarios Eus\u00e9bio da Silva Ferreira y M\u00e1rio Coluna.<\/p>\n<p><span style=\"color: #ff0000;\"><strong>VIDEO<\/strong>: Las mejores aficiones de la Eurocopa<\/span><br \/>\n[video_player]https:\/\/player.vimeo.com\/external\/173499566.sd.mp4?s=e7f52fb3429dac9c2cd9f4bfb6168e261587a07b&amp;profile_id=165[\/video_player]<\/p>\n","protected":false},"excerpt":{"rendered":"<p>Renato Sanches, Nani, Joao M\u00e1rio, William Carvalho, Danilo, Eliseu y \u00c9der son los siete internacionales de Portugal\u00a0de sangre africana que estar\u00e1n representados en la final la Eurocopa de este domingo, ante la tambi\u00e9n multicultural Francia. Se trata de la selecci\u00f3n lusa con ascendencia m\u00e1s africana en torneos europeos. En sus seis participaciones anteriores, s\u00f3lo la [&hellip;]<\/p>\n","protected":false},"author":144,"featured_media":409409,"comment_status":"closed","ping_status":"closed","sticky":false,"template":"","format":"standard","meta":[],"categories":[6995,3839,6999,5951],"tags":[2236],"_links":{"self":[{"href":"http:\/\/desarrollo.grupomedios.com\/futbol\/wp-json\/wp\/v2\/posts\/409407"}],"collection":[{"href":"http:\/\/desarrollo.grupomedios.com\/futbol\/wp-json\/wp\/v2\/posts"}],"about":[{"href":"http:\/\/desarrollo.grupomedios.com\/futbol\/wp-json\/wp\/v2\/types\/post"}],"author":[{"embeddable":true,"href":"http:\/\/desarrollo.grupomedios.com\/futbol\/wp-json\/wp\/v2\/users\/144"}],"replies":[{"embeddable":true,"href":"http:\/\/desarrollo.grupomedios.com\/futbol\/wp-json\/wp\/v2\/comments?post=409407"}],"version-history":[{"count":0,"href":"http:\/\/desarrollo.grupomedios.com\/futbol\/wp-json\/wp\/v2\/posts\/409407\/revisions"}],"wp:featuredmedia":[{"embeddable":true,"href":"http:\/\/desarrollo.grupomedios.com\/futbol\/wp-json\/wp\/v2\/media\/409409"}],"wp:attachment":[{"href":"http:\/\/desarrollo.grupomedios.com\/futbol\/wp-json\/wp\/v2\/media?parent=409407"}],"wp:term":[{"taxonomy":"category","embeddable":true,"href":"http:\/\/desarrollo.grupomedios.com\/futbol\/wp-json\/wp\/v2\/categories?post=409407"},{"taxonomy":"post_tag","embeddable":true,"href":"http:\/\/desarrollo.grupomedios.com\/futbol\/wp-json\/wp\/v2\/tags?post=409407"}],"curies":[{"name":"wp","href":"https:\/\/api.w.org\/{rel}","templated":true}]}}