{"id":409408,"date":"2016-07-08T13:02:05","date_gmt":"2016-07-08T18:02:05","guid":{"rendered":"http:\/\/www.futboltotal.com.mx\/?p=409408"},"modified":"2016-07-08T13:07:21","modified_gmt":"2016-07-08T18:07:21","slug":"xavi-entregara-el-trofeo-la-eurocopa","status":"publish","type":"post","link":"http:\/\/desarrollo.grupomedios.com\/futbol\/futbol-internacional\/xavi-entregara-el-trofeo-la-eurocopa\/2016\/07","title":{"rendered":"Xavi entregar\u00e1 el trofeo de la Eurocopa"},"content":{"rendered":"<p>La UEFA confirm\u00f3 hoy que el ex internacional espa\u00f1ol y exjugador del Barcelona <strong>Xavi Hern\u00e1ndez<\/strong> entregar\u00e1 el pr\u00f3ximo domingo el trofeo al Campe\u00f3n de la <strong>Eurocopa<\/strong> al vencedor del duelo entre Portugal y Francia.<\/p>\n<p>&#8220;Puedo confirmarlo. Bajar\u00e1 al campo y entregar\u00e1 este trofeo&#8221;, declar\u00f3 hoy en conferencia de prensa el secretario general de la UEFA, Theodore Theodoridis.<\/p>\n<p style=\"text-align: center;\"><span style=\"color: #3366ff;\">LEER M\u00c1S:\u00a0<a style=\"color: #3366ff;\" href=\"http:\/\/www.futboltotal.com.mx\/2016\/07\/alemania-sus-problemas-en-semifinales\/\">Alemania y sus problemas en Semifinales<\/a><\/span><\/p>\n<p><strong>Xavi<\/strong>, centrocampista que disput\u00f3 133 partidos como internacional antes de despedirse de la selecci\u00f3n espa\u00f1ola, fue parte del equipo que gan\u00f3 la <strong>Eurocopa<\/strong> de 2008, el Mundial de 2010 y la <strong>Eurocopa<\/strong> de 2012.<\/p>\n<p>Portugal y Francia se medir\u00e1n el pr\u00f3ximo domingo a las 21.00 hora local (19.00 GMT) en la Final de la <strong>Eurocopa<\/strong> 2016 en el Estadio de Francia de Saint Denis, en las afueras de Par\u00eds.<\/p>\n<blockquote class=\"twitter-tweet\" data-lang=\"es\">\n<p dir=\"ltr\" lang=\"es\">\u00a1Tenemos finalistas de la <a href=\"https:\/\/twitter.com\/hashtag\/EURO2016?src=hash\">#EURO2016<\/a>!<br \/>\nPortugal &#8211; Francia, domingo 10 de julio<br \/>\n\u00a1No te lo pierdas! <a href=\"https:\/\/twitter.com\/hashtag\/PORFRA?src=hash\">#PORFRA<\/a> <a href=\"https:\/\/t.co\/CRWZJWgura\">pic.twitter.com\/CRWZJWgura<\/a><\/p>\n<p>\u2014 UEFA.com en espa\u00f1ol (@UEFAcom_es) <a href=\"https:\/\/twitter.com\/UEFAcom_es\/status\/751159724574400513\">7 de julio de 2016<\/a><\/p><\/blockquote>\n<p><script src=\"\/\/platform.twitter.com\/widgets.js\" async=\"\" charset=\"utf-8\"><\/script><\/p>\n","protected":false},"excerpt":{"rendered":"<p>El espa\u00f1ol ser\u00e1 el encargado de coronar al Campe\u00f3n<\/p>\n","protected":false},"author":144,"featured_media":409414,"comment_status":"closed","ping_status":"closed","sticky":false,"template":"","format":"standard","meta":[],"categories":[6995,3839,6999,5951],"tags":[2236],"_links":{"self":[{"href":"http:\/\/desarrollo.grupomedios.com\/futbol\/wp-json\/wp\/v2\/posts\/409408"}],"collection":[{"href":"http:\/\/desarrollo.grupomedios.com\/futbol\/wp-json\/wp\/v2\/posts"}],"about":[{"href":"http:\/\/desarrollo.grupomedios.com\/futbol\/wp-json\/wp\/v2\/types\/post"}],"author":[{"embeddable":true,"href":"http:\/\/desarrollo.grupomedios.com\/futbol\/wp-json\/wp\/v2\/users\/144"}],"replies":[{"embeddable":true,"href":"http:\/\/desarrollo.grupomedios.com\/futbol\/wp-json\/wp\/v2\/comments?post=409408"}],"version-history":[{"count":0,"href":"http:\/\/desarrollo.grupomedios.com\/futbol\/wp-json\/wp\/v2\/posts\/409408\/revisions"}],"wp:featuredmedia":[{"embeddable":true,"href":"http:\/\/desarrollo.grupomedios.com\/futbol\/wp-json\/wp\/v2\/media\/409414"}],"wp:attachment":[{"href":"http:\/\/desarrollo.grupomedios.com\/futbol\/wp-json\/wp\/v2\/media?parent=409408"}],"wp:term":[{"taxonomy":"category","embeddable":true,"href":"http:\/\/desarrollo.grupomedios.com\/futbol\/wp-json\/wp\/v2\/categories?post=409408"},{"taxonomy":"post_tag","embeddable":true,"href":"http:\/\/desarrollo.grupomedios.com\/futbol\/wp-json\/wp\/v2\/tags?post=409408"}],"curies":[{"name":"wp","href":"https:\/\/api.w.org\/{rel}","templated":true}]}}