{"id":409416,"date":"2016-07-08T13:25:27","date_gmt":"2016-07-08T18:25:27","guid":{"rendered":"http:\/\/www.futboltotal.com.mx\/?p=409416"},"modified":"2016-07-08T13:58:20","modified_gmt":"2016-07-08T18:58:20","slug":"petr-cech-anuncia-retiro-republica-checa","status":"publish","type":"post","link":"http:\/\/desarrollo.grupomedios.com\/futbol\/futbol-internacional\/petr-cech-anuncia-retiro-republica-checa\/2016\/07","title":{"rendered":"Petr Cech se retira de la porter\u00eda checa"},"content":{"rendered":"<p>El portero del Arsenal y de la <strong>Rep\u00fablica Checa,<\/strong> <strong>Petr Cech<\/strong>, anunci\u00f3 su retiro de la selecci\u00f3n de su pa\u00eds despu\u00e9s de su participaci\u00f3n en la Eurocopa 2016 y dejando su n\u00famero de partidos en 124, as\u00ed lo anunci\u00f3 en su cuenta de Twitter.<\/p>\n<p>&#8220;Hemos vivido juntos algunos momentos incre\u00edbles. Deseo al equipo todo lo mejor para el futuro&#8221;, escribi\u00f3 el guardameta junto con una foto con sus compa\u00f1eros en el combinado checho.<\/p>\n<blockquote class=\"twitter-tweet\" data-lang=\"es\">\n<p dir=\"ltr\" lang=\"en\">We lived some amazing moments together &#8211; Wishing the team all the best for the future <a href=\"https:\/\/twitter.com\/hashtag\/CZE?src=hash\">#CZE<\/a> <a href=\"https:\/\/t.co\/w1BT91BhbT\">pic.twitter.com\/w1BT91BhbT<\/a><\/p>\n<p>\u2014 Petr Cech (@PetrCech) <a href=\"https:\/\/twitter.com\/PetrCech\/status\/751374126347091969\">8 de julio de 2016<\/a><\/p><\/blockquote>\n<p><script src=\"\/\/platform.twitter.com\/widgets.js\" async=\"\" charset=\"utf-8\"><\/script><\/p>\n<p>Adem\u00e1s de su mensaje por redes sociales, <strong>Cech<\/strong> tambi\u00e9n habl\u00f3 para la p\u00e1gina de la Federaci\u00f3n Checa de Futbol, donde expres\u00f3 los motivos de su salida del combinado nacional de aquel pa\u00eds.<\/p>\n<p>&#8220;Soy un perfeccionista y no quiero hacer las cosas a medias. Y he llegado a la conclusi\u00f3n de que termin\u00f3 en el equipo nacional&#8221;, confes\u00f3 el portero de 34 a\u00f1os.<\/p>\n<p style=\"text-align: center;\"><span style=\"color: #3366ff;\">LEER M\u00c1S:\u00a0<a style=\"color: #3366ff;\" href=\"http:\/\/www.futboltotal.com.mx\/2016\/07\/francia-portugal-jugaran-la-final-la-eurocopa\/\">\u00a1Definida la Final de la Euro 2016!<\/a><\/span><\/p>\n<p>As\u00ed, el arquero del Arsenal puso fin a su etapa con <strong>Rep\u00fablica Checa<\/strong> y a falta de dos a\u00f1os para el Mundial de Rusia 2018, se ha bajado del barco.<\/p>\n<p>&#8220;Es mejor para el nuevo entrenador del equipo que sepa que no puede contar conmigo para la clasificaci\u00f3n para el campeonato mundial (de Rusia)&#8221;, expres\u00f3 <strong>Cech<\/strong>, que su mejor participaci\u00f3n con los checos la tuvo en la Euro 2004 cuando se qued\u00f3 en Semifinales con su selecci\u00f3n.<\/p>\n","protected":false},"excerpt":{"rendered":"<p>El arquero se va tras la decepcionante Eurocopa con su pa\u00eds<\/p>\n","protected":false},"author":20,"featured_media":409417,"comment_status":"closed","ping_status":"closed","sticky":false,"template":"","format":"standard","meta":[],"categories":[6995,3839,6999,5951],"tags":[2236],"_links":{"self":[{"href":"http:\/\/desarrollo.grupomedios.com\/futbol\/wp-json\/wp\/v2\/posts\/409416"}],"collection":[{"href":"http:\/\/desarrollo.grupomedios.com\/futbol\/wp-json\/wp\/v2\/posts"}],"about":[{"href":"http:\/\/desarrollo.grupomedios.com\/futbol\/wp-json\/wp\/v2\/types\/post"}],"author":[{"embeddable":true,"href":"http:\/\/desarrollo.grupomedios.com\/futbol\/wp-json\/wp\/v2\/users\/20"}],"replies":[{"embeddable":true,"href":"http:\/\/desarrollo.grupomedios.com\/futbol\/wp-json\/wp\/v2\/comments?post=409416"}],"version-history":[{"count":0,"href":"http:\/\/desarrollo.grupomedios.com\/futbol\/wp-json\/wp\/v2\/posts\/409416\/revisions"}],"wp:featuredmedia":[{"embeddable":true,"href":"http:\/\/desarrollo.grupomedios.com\/futbol\/wp-json\/wp\/v2\/media\/409417"}],"wp:attachment":[{"href":"http:\/\/desarrollo.grupomedios.com\/futbol\/wp-json\/wp\/v2\/media?parent=409416"}],"wp:term":[{"taxonomy":"category","embeddable":true,"href":"http:\/\/desarrollo.grupomedios.com\/futbol\/wp-json\/wp\/v2\/categories?post=409416"},{"taxonomy":"post_tag","embeddable":true,"href":"http:\/\/desarrollo.grupomedios.com\/futbol\/wp-json\/wp\/v2\/tags?post=409416"}],"curies":[{"name":"wp","href":"https:\/\/api.w.org\/{rel}","templated":true}]}}