{"id":409422,"date":"2016-07-08T16:04:38","date_gmt":"2016-07-08T21:04:38","guid":{"rendered":"http:\/\/www.futboltotal.com.mx\/?p=409422"},"modified":"2016-07-08T16:06:43","modified_gmt":"2016-07-08T21:06:43","slug":"mexico-iniciaria-hexagonal-contra-eu","status":"publish","type":"post","link":"http:\/\/desarrollo.grupomedios.com\/futbol\/destacado-home\/mexico-iniciaria-hexagonal-contra-eu\/2016\/07","title":{"rendered":"M\u00e9xico iniciar\u00eda Hexagonal contra EU"},"content":{"rendered":"<p>La <a href=\"http:\/\/www.futboltotal.com.mx\/futbol-mexicano\/seleccion-mexicana\/\" target=\"_blank\"><strong>Selecci\u00f3n Mexicana<\/strong><\/a>\u00a0abrir\u00e1 el <strong>Hexagonal<\/strong> final de la <strong>Concacaf<\/strong> rumbo a Rusia 2018 con una visita al ganador del grupo de <strong>Estados Unidos<\/strong>, Trinidad y Tobago o Guatemala, inform\u00f3 la FMF.<\/p>\n<p>Los primeros dos partidos de <strong>M\u00e9xico<\/strong> ser\u00e1n como visitante antes de jugar de local, en la jornada tres del\u00a0<strong>Hexagonal<\/strong>, ante el vencedor del sector que lidera Costa Rica, seg\u00fan el sorteo celebrado hoy en las instalaciones de la <strong>Concacaf<\/strong> en Miami.<\/p>\n<blockquote class=\"twitter-tweet\" data-lang=\"es\">\n<p dir=\"ltr\" lang=\"es\">\u00a1Nos vemos en <a href=\"https:\/\/twitter.com\/Snapchat\">@Snapchat<\/a>!<\/p>\n<p>\u00bfYa nos sigues? <a href=\"https:\/\/t.co\/7a4feU2yWT\">pic.twitter.com\/7a4feU2yWT<\/a><\/p>\n<p>\u2014 Selecci\u00f3n Nacional (@miseleccionmx) <a href=\"https:\/\/twitter.com\/miseleccionmx\/status\/751485298198978560\">8 de julio de 2016<\/a><\/p><\/blockquote>\n<p><script src=\"\/\/platform.twitter.com\/widgets.js\" async=\"\" charset=\"utf-8\"><\/script><\/p>\n<p>&#8220;Debutaremos en el <strong>Hexagonal<\/strong> ante el ganador del grupo conformado por <strong>Estados Unidos<\/strong>, Trinidad y Tobago, Guatemala y San Vicente&#8221;, coment\u00f3 la Federaci\u00f3n en las redes sociales dedicadas a la selecci\u00f3n mexicana.<\/p>\n<p>Entre noviembre de 2016 y octubre de 2017, se jugar\u00e1 el <strong>Hexagonal<\/strong> final de la <strong>Concacaf<\/strong>, que clasificar\u00e1 directamente a tres equipos a Rusia 2018 y al cuarto lugar lo enviar\u00e1 a una repesca internacional ante el quinto lugar de Asia.<\/p>\n<blockquote class=\"twitter-tweet\" data-lang=\"es\"><p>\nLa Agenda del Hexagonal <a href=\"https:\/\/t.co\/dNRklEo0qT\">https:\/\/t.co\/dNRklEo0qT<\/a> <a href=\"https:\/\/t.co\/xGLl8Acwze\">pic.twitter.com\/xGLl8Acwze<\/a><\/p>\n<p>\u2014 FEMEXFUT (@FMF) <a href=\"https:\/\/twitter.com\/FMF\/status\/751452879588732928\">8 de julio de 2016<\/a>\n<\/p><\/blockquote>\n<p><script src=\"\/\/platform.twitter.com\/widgets.js\" async=\"\" charset=\"utf-8\"><\/script><br \/>\n<strong>M\u00e9xico<\/strong> es la \u00fanica selecci\u00f3n que ha clasificado a dicha instancia,\u00a0al liderar el grupo 1 de la tercera ronda eliminatoria con 12 puntos en cuatro jornadas, seguido por Honduras y Canad\u00e1, empatados en cuatro, y El Salvador, con dos unidades.<\/p>\n<p>Costa Rica encabeza el grupo 2 con 10 puntos en cuatro partidos, le sigue Panam\u00e1 con 7 enteros, Jamaica con cuatro y Hait\u00ed con uno.<\/p>\n<p>Trinidad y Tobago lidera el grupo tres con 10 unidades, <strong>Estados Unidos<\/strong> es segundo con 7, Guatemala tiene 6 y San Vicente y las Granadinas no ha sumado puntos.<\/p>\n<p><span style=\"color: #ff0000;\"><strong>VIDEO<\/strong>: Las mejores aficiones de la Eurocopa<\/span><br \/>\n[video_player]https:\/\/player.vimeo.com\/external\/173499566.sd.mp4?s=e7f52fb3429dac9c2cd9f4bfb6168e261587a07b&amp;profile_id=165[\/video_player]<\/p>\n","protected":false},"excerpt":{"rendered":"<p>El Tri podr\u00eda enfrentar a Trinidad y Tobago o Guatemala<\/p>\n","protected":false},"author":144,"featured_media":409423,"comment_status":"closed","ping_status":"closed","sticky":false,"template":"","format":"standard","meta":[],"categories":[5,2198,3847],"tags":[5979],"_links":{"self":[{"href":"http:\/\/desarrollo.grupomedios.com\/futbol\/wp-json\/wp\/v2\/posts\/409422"}],"collection":[{"href":"http:\/\/desarrollo.grupomedios.com\/futbol\/wp-json\/wp\/v2\/posts"}],"about":[{"href":"http:\/\/desarrollo.grupomedios.com\/futbol\/wp-json\/wp\/v2\/types\/post"}],"author":[{"embeddable":true,"href":"http:\/\/desarrollo.grupomedios.com\/futbol\/wp-json\/wp\/v2\/users\/144"}],"replies":[{"embeddable":true,"href":"http:\/\/desarrollo.grupomedios.com\/futbol\/wp-json\/wp\/v2\/comments?post=409422"}],"version-history":[{"count":0,"href":"http:\/\/desarrollo.grupomedios.com\/futbol\/wp-json\/wp\/v2\/posts\/409422\/revisions"}],"wp:featuredmedia":[{"embeddable":true,"href":"http:\/\/desarrollo.grupomedios.com\/futbol\/wp-json\/wp\/v2\/media\/409423"}],"wp:attachment":[{"href":"http:\/\/desarrollo.grupomedios.com\/futbol\/wp-json\/wp\/v2\/media?parent=409422"}],"wp:term":[{"taxonomy":"category","embeddable":true,"href":"http:\/\/desarrollo.grupomedios.com\/futbol\/wp-json\/wp\/v2\/categories?post=409422"},{"taxonomy":"post_tag","embeddable":true,"href":"http:\/\/desarrollo.grupomedios.com\/futbol\/wp-json\/wp\/v2\/tags?post=409422"}],"curies":[{"name":"wp","href":"https:\/\/api.w.org\/{rel}","templated":true}]}}