{"id":409425,"date":"2016-07-08T14:09:20","date_gmt":"2016-07-08T19:09:20","guid":{"rendered":"http:\/\/www.futboltotal.com.mx\/?p=409425"},"modified":"2016-07-08T14:14:31","modified_gmt":"2016-07-08T19:14:31","slug":"vela-presenta-nuevo-uniforme-la-real-sociedad","status":"publish","type":"post","link":"http:\/\/desarrollo.grupomedios.com\/futbol\/futbol-internacional\/vela-presenta-nuevo-uniforme-la-real-sociedad\/2016\/07","title":{"rendered":"Vela present\u00f3 el nuevo uniforme de la Real Sociedad"},"content":{"rendered":"<p>La <strong>Real Sociedad<\/strong>, equipo donde juega el mexicano <strong>Carlos Vela<\/strong>, ha presentado su nuevo uniforme para la temporada 2016-17, en donde el mexicano fue parte de los jugadores que portaron la nueva camiseta.<\/p>\n<blockquote class=\"twitter-tweet\" data-lang=\"es\">\n<p dir=\"ltr\" lang=\"es\">\u00a1Segunda equipaci\u00f3n! La presentan nuestros capitanes <a href=\"https:\/\/twitter.com\/AintzaneEncinas\">@AintzaneEncinas<\/a> y <a href=\"https:\/\/twitter.com\/11carlosV\">@11carlosV<\/a> <a href=\"https:\/\/t.co\/zq1dmSawx7\">pic.twitter.com\/zq1dmSawx7<\/a><\/p>\n<p>\u2014 Real Sociedad F\u00fatbol (@RealSociedad) <a href=\"https:\/\/twitter.com\/RealSociedad\/status\/751374049771683841\">8 de julio de 2016<\/a><\/p><\/blockquote>\n<p><script src=\"\/\/platform.twitter.com\/widgets.js\" async=\"\" charset=\"utf-8\"><\/script><\/p>\n<p><strong>Vela<\/strong> fue el encargado de presentar la segunda equipaci\u00f3n de los <em>Txuri Urdin<\/em>,que destaca por ser de color negro con detalles en azul, al igual que los n\u00fameros de los jugadores.<\/p>\n<p><img decoding=\"async\" loading=\"lazy\" class=\"alignnone size-full wp-image-409428\" src=\"http:\/\/www.futboltotal.com.mx\/wp-content\/uploads\/2016\/07\/real-sociedad-uniforme-visita.jpg\" alt=\"real-sociedad-uniforme-visita\" srcset=\"http:\/\/desarrollo.grupomedios.com\/futbol\/wp-content\/uploads\/2016\/07\/real-sociedad-uniforme-visita.jpg 858w, http:\/\/desarrollo.grupomedios.com\/futbol\/wp-content\/uploads\/2016\/07\/real-sociedad-uniforme-visita-300x151.jpg 300w, http:\/\/desarrollo.grupomedios.com\/futbol\/wp-content\/uploads\/2016\/07\/real-sociedad-uniforme-visita-768x386.jpg 768w, http:\/\/desarrollo.grupomedios.com\/futbol\/wp-content\/uploads\/2016\/07\/real-sociedad-uniforme-visita-340x171.jpg 340w\" sizes=\"(max-width: 858px) 100vw, 858px\" \/><\/p>\n<p><span style=\"color: #3366ff;\">LEER M\u00c1S:\u00a0<a style=\"color: #3366ff;\" href=\"http:\/\/www.futboltotal.com.mx\/2016\/07\/mexico-iniciaria-hexagonal-contra-eu\/\">M\u00e9xico iniciar\u00eda Hexagonal contra EU<\/a><\/span><\/p>\n<p>Adem\u00e1s, tambi\u00e9n se present\u00f3 el primer uniforme, que sigue manteniendo los colores azul y blanco que predominan en la <strong>Real Sociedad<\/strong>.<\/p>\n<blockquote class=\"twitter-tweet\" data-lang=\"es\"><p>\nY aqu\u00ed tenemos la equipaci\u00f3n txuri urdin. Bonita, \u00bfverdad? <a href=\"https:\/\/twitter.com\/hashtag\/RealSociedad?src=hash\">#RealSociedad<\/a> <a href=\"https:\/\/t.co\/qH3PMzJPdg\">pic.twitter.com\/qH3PMzJPdg<\/a><\/p>\n<p>\u2014 Real Sociedad F\u00fatbol (@RealSociedad) <a href=\"https:\/\/twitter.com\/RealSociedad\/status\/751374971075694592\">8 de julio de 2016<\/a>\n<\/p><\/blockquote>\n<p><script src=\"\/\/platform.twitter.com\/widgets.js\" async=\"\" charset=\"utf-8\"><\/script><\/p>\n","protected":false},"excerpt":{"rendered":"<p>El mexicano pos\u00f3 para mostrar los nuevos uniformes de su equipo<\/p>\n","protected":false},"author":20,"featured_media":409429,"comment_status":"closed","ping_status":"closed","sticky":false,"template":"","format":"standard","meta":[],"categories":[3839,3844,6718,5951],"tags":[6048,1913,102],"_links":{"self":[{"href":"http:\/\/desarrollo.grupomedios.com\/futbol\/wp-json\/wp\/v2\/posts\/409425"}],"collection":[{"href":"http:\/\/desarrollo.grupomedios.com\/futbol\/wp-json\/wp\/v2\/posts"}],"about":[{"href":"http:\/\/desarrollo.grupomedios.com\/futbol\/wp-json\/wp\/v2\/types\/post"}],"author":[{"embeddable":true,"href":"http:\/\/desarrollo.grupomedios.com\/futbol\/wp-json\/wp\/v2\/users\/20"}],"replies":[{"embeddable":true,"href":"http:\/\/desarrollo.grupomedios.com\/futbol\/wp-json\/wp\/v2\/comments?post=409425"}],"version-history":[{"count":0,"href":"http:\/\/desarrollo.grupomedios.com\/futbol\/wp-json\/wp\/v2\/posts\/409425\/revisions"}],"wp:featuredmedia":[{"embeddable":true,"href":"http:\/\/desarrollo.grupomedios.com\/futbol\/wp-json\/wp\/v2\/media\/409429"}],"wp:attachment":[{"href":"http:\/\/desarrollo.grupomedios.com\/futbol\/wp-json\/wp\/v2\/media?parent=409425"}],"wp:term":[{"taxonomy":"category","embeddable":true,"href":"http:\/\/desarrollo.grupomedios.com\/futbol\/wp-json\/wp\/v2\/categories?post=409425"},{"taxonomy":"post_tag","embeddable":true,"href":"http:\/\/desarrollo.grupomedios.com\/futbol\/wp-json\/wp\/v2\/tags?post=409425"}],"curies":[{"name":"wp","href":"https:\/\/api.w.org\/{rel}","templated":true}]}}