{"id":409439,"date":"2016-07-08T15:12:38","date_gmt":"2016-07-08T20:12:38","guid":{"rendered":"http:\/\/www.futboltotal.com.mx\/?p=409439"},"modified":"2016-07-08T16:52:33","modified_gmt":"2016-07-08T21:52:33","slug":"brasil-sus-peores-eliminaciones","status":"publish","type":"post","link":"http:\/\/desarrollo.grupomedios.com\/futbol\/futbol-internacional\/brasil-sus-peores-eliminaciones\/2016\/07","title":{"rendered":"Brasil y sus peores eliminaciones"},"content":{"rendered":"<p>Este viernes 8 de julio se cumplen dos a\u00f1os de que <strong>Brasil<\/strong> sufri\u00f3 la peor derrota en su historia cuando fueron humillados por <strong>Alemania<\/strong> con marcador de 1-7 en las Semifinales de la Copa del Mundo 2014.<\/p>\n<p>Aquella noche fue llamada como el Mineirazo, pues a pesar de que la <em>Verdeamarelha<\/em> no luc\u00eda como favorita por la ausencia de Neymar, tampoco se esperaba un resultado tan abultado, pues el marcador lo convirti\u00f3 en el anfitri\u00f3n mundialista que peor ha sido eliminado.<\/p>\n<p>Por ello, en <strong>Futbol Total<\/strong> te presentamos las peores eliminaciones que ha sufrido <strong>Brasil.<\/strong><\/p>\n<p style=\"text-align: center;\"><span style=\"color: #3366ff;\">LEER M\u00c1S:\u00a0<a style=\"color: #3366ff;\" href=\"http:\/\/www.futboltotal.com.mx\/2016\/07\/alemania-sus-problemas-en-semifinales\/\">Alemania y sus problemas en Semifinales<\/a><\/span><\/p>\n<p><script src=\"\/\/cdn.playbuzz.com\/widget\/feed.js\" type=\"text\/javascript\"><\/script><\/p>\n<div class=\"pb_feed\" data-embed-by=\"d43f3879-83ed-40bc-99d7-fde80605466f\" data-game=\"\/futboltotal\/brasil-y-sus-peores-eliminaciones\" data-recommend=\"false\" data-game-info=\"false\"><\/div>\n","protected":false},"excerpt":{"rendered":"<p>Recordamos el 1-7 ante Alemania con otras de sus peores eliminaciones<\/p>\n","protected":false},"author":20,"featured_media":409446,"comment_status":"closed","ping_status":"closed","sticky":false,"template":"","format":"standard","meta":[],"categories":[3839,5951],"tags":[6000,6009],"_links":{"self":[{"href":"http:\/\/desarrollo.grupomedios.com\/futbol\/wp-json\/wp\/v2\/posts\/409439"}],"collection":[{"href":"http:\/\/desarrollo.grupomedios.com\/futbol\/wp-json\/wp\/v2\/posts"}],"about":[{"href":"http:\/\/desarrollo.grupomedios.com\/futbol\/wp-json\/wp\/v2\/types\/post"}],"author":[{"embeddable":true,"href":"http:\/\/desarrollo.grupomedios.com\/futbol\/wp-json\/wp\/v2\/users\/20"}],"replies":[{"embeddable":true,"href":"http:\/\/desarrollo.grupomedios.com\/futbol\/wp-json\/wp\/v2\/comments?post=409439"}],"version-history":[{"count":0,"href":"http:\/\/desarrollo.grupomedios.com\/futbol\/wp-json\/wp\/v2\/posts\/409439\/revisions"}],"wp:featuredmedia":[{"embeddable":true,"href":"http:\/\/desarrollo.grupomedios.com\/futbol\/wp-json\/wp\/v2\/media\/409446"}],"wp:attachment":[{"href":"http:\/\/desarrollo.grupomedios.com\/futbol\/wp-json\/wp\/v2\/media?parent=409439"}],"wp:term":[{"taxonomy":"category","embeddable":true,"href":"http:\/\/desarrollo.grupomedios.com\/futbol\/wp-json\/wp\/v2\/categories?post=409439"},{"taxonomy":"post_tag","embeddable":true,"href":"http:\/\/desarrollo.grupomedios.com\/futbol\/wp-json\/wp\/v2\/tags?post=409439"}],"curies":[{"name":"wp","href":"https:\/\/api.w.org\/{rel}","templated":true}]}}