{"id":409440,"date":"2016-07-08T14:46:50","date_gmt":"2016-07-08T19:46:50","guid":{"rendered":"http:\/\/www.futboltotal.com.mx\/?p=409440"},"modified":"2016-07-08T14:46:50","modified_gmt":"2016-07-08T19:46:50","slug":"ronaldinho-se-olvida-del-queretaro","status":"publish","type":"post","link":"http:\/\/desarrollo.grupomedios.com\/futbol\/futbol-mexicano\/ronaldinho-se-olvida-del-queretaro\/2016\/07","title":{"rendered":"Ronaldinho no se olvida del Quer\u00e9taro"},"content":{"rendered":"<p><a href=\"http:\/\/futboltotal.com.mx\/equipos\/queretaro\/\" target=\"_blank\"><strong>Quer\u00e9taro<\/strong><\/a> est\u00e1 de fiesta, pues este 8 de julio celebra su 66 aniversario, por ello las felicitaciones no se hicieron esperar, pero de las decenas que recibieron una sobresali\u00f3, la de <strong>Ronaldinho<\/strong> quien no olvida su paso con los Gallos Blancos.<\/p>\n<p>Por medio de <em>Instagram<\/em>, el brasile\u00f1o mand\u00f3 un mensaje para los <em>Emplumados<\/em>, en el que destaca el cari\u00f1o que percibi\u00f3 durante su breve estancia en 2014.<\/p>\n<p><a href=\"http:\/\/www.futboltotal.com.mx\/wp-content\/uploads\/2016\/07\/ronaldinho-queretaro-66-aniversario-1.png\"><img decoding=\"async\" loading=\"lazy\" class=\"alignnone size-full wp-image-409441\" src=\"http:\/\/www.futboltotal.com.mx\/wp-content\/uploads\/2016\/07\/ronaldinho-queretaro-66-aniversario-1.png\" alt=\"ronaldinho-queretaro-66-aniversario-1\" srcset=\"http:\/\/desarrollo.grupomedios.com\/futbol\/wp-content\/uploads\/2016\/07\/ronaldinho-queretaro-66-aniversario-1.png 917w, http:\/\/desarrollo.grupomedios.com\/futbol\/wp-content\/uploads\/2016\/07\/ronaldinho-queretaro-66-aniversario-1-300x196.png 300w, http:\/\/desarrollo.grupomedios.com\/futbol\/wp-content\/uploads\/2016\/07\/ronaldinho-queretaro-66-aniversario-1-768x501.png 768w\" sizes=\"(max-width: 917px) 100vw, 917px\" \/><\/a><\/p>\n<p>&#8220;Felicitaciones a este club que me recibi\u00f3 con los brazos abiertos en M\u00e9xico, me dio una experiencia incre\u00edble y mucho cari\u00f1o y apoyo de todos los lados!. !Que vengan muchos a\u00f1os m\u00e1s, <strong>Quer\u00e9taro<\/strong>!&#8221;, extern\u00f3 <strong>Ronaldinho<\/strong>.<\/p>\n<p><span style=\"color: #ff0000;\"><strong>VIDEO<\/strong>: Las mejores aficiones de la Eurocopa<\/span><br \/>\n[video_player]https:\/\/player.vimeo.com\/external\/173499566.sd.mp4?s=e7f52fb3429dac9c2cd9f4bfb6168e261587a07b&amp;profile_id=165[\/video_player]<\/p>\n","protected":false},"excerpt":{"rendered":"<p>El brasile\u00f1o le mand\u00f3 un mensaje a los Gallos Blancos<\/p>\n","protected":false},"author":20,"featured_media":409442,"comment_status":"closed","ping_status":"closed","sticky":false,"template":"","format":"standard","meta":[],"categories":[2198,3845,5950],"tags":[5970,5997],"_links":{"self":[{"href":"http:\/\/desarrollo.grupomedios.com\/futbol\/wp-json\/wp\/v2\/posts\/409440"}],"collection":[{"href":"http:\/\/desarrollo.grupomedios.com\/futbol\/wp-json\/wp\/v2\/posts"}],"about":[{"href":"http:\/\/desarrollo.grupomedios.com\/futbol\/wp-json\/wp\/v2\/types\/post"}],"author":[{"embeddable":true,"href":"http:\/\/desarrollo.grupomedios.com\/futbol\/wp-json\/wp\/v2\/users\/20"}],"replies":[{"embeddable":true,"href":"http:\/\/desarrollo.grupomedios.com\/futbol\/wp-json\/wp\/v2\/comments?post=409440"}],"version-history":[{"count":0,"href":"http:\/\/desarrollo.grupomedios.com\/futbol\/wp-json\/wp\/v2\/posts\/409440\/revisions"}],"wp:featuredmedia":[{"embeddable":true,"href":"http:\/\/desarrollo.grupomedios.com\/futbol\/wp-json\/wp\/v2\/media\/409442"}],"wp:attachment":[{"href":"http:\/\/desarrollo.grupomedios.com\/futbol\/wp-json\/wp\/v2\/media?parent=409440"}],"wp:term":[{"taxonomy":"category","embeddable":true,"href":"http:\/\/desarrollo.grupomedios.com\/futbol\/wp-json\/wp\/v2\/categories?post=409440"},{"taxonomy":"post_tag","embeddable":true,"href":"http:\/\/desarrollo.grupomedios.com\/futbol\/wp-json\/wp\/v2\/tags?post=409440"}],"curies":[{"name":"wp","href":"https:\/\/api.w.org\/{rel}","templated":true}]}}