{"id":409448,"date":"2016-07-08T15:27:08","date_gmt":"2016-07-08T20:27:08","guid":{"rendered":"http:\/\/www.futboltotal.com.mx\/?p=409448"},"modified":"2016-07-08T15:28:52","modified_gmt":"2016-07-08T20:28:52","slug":"jurgen-klopp-renueva-contrato-liverpool","status":"publish","type":"post","link":"http:\/\/desarrollo.grupomedios.com\/futbol\/futbol-internacional\/jurgen-klopp-renueva-contrato-liverpool\/2016\/07","title":{"rendered":"Hay Klopp para rato en el Liverpool"},"content":{"rendered":"<p>El <strong>Liverpool<\/strong> y <strong>J\u00fcrgen <span class=\"classCadenaBusqueda\">Klopp<\/span><\/strong> han acordado este viernes la renovaci\u00f3n del entrenador alem\u00e1n para las pr\u00f3ximas seis temporadas, hasta el a\u00f1o 2022.<\/p>\n<p><strong><span class=\"classCadenaBusqueda\">Klopp<\/span><\/strong>, que lleg\u00f3 a Anfield en octubre del pasado a\u00f1o como reemplazo del norirland\u00e9s Brendan Rodgers, gui\u00f3 a los <em>reds<\/em>\u00a0en su primera campa\u00f1a a las finales en la Liga Europa y en la Copa de la Liga (Capital One Cup) y a la octava plaza en la <strong>Premier League<\/strong>.<\/p>\n<p>Adem\u00e1s del preparador teut\u00f3n, de 49 a\u00f1os, el segundo entrenador Zeljko Buvac y el ayudante Peter Krawietz tambi\u00e9n han ampliado su contrato con el <strong>Liverpool.<\/strong><\/p>\n<blockquote class=\"twitter-tweet\" data-lang=\"es\">\n<p dir=\"ltr\" lang=\"en\">J\u00fcrgen Klopp has committed his long-term future to <a href=\"https:\/\/twitter.com\/hashtag\/LFC?src=hash\">#LFC<\/a> by signing an extended contract: <a href=\"https:\/\/t.co\/pXstv84WCz\">https:\/\/t.co\/pXstv84WCz<\/a> <a href=\"https:\/\/t.co\/Gk3jBfu5j0\">pic.twitter.com\/Gk3jBfu5j0<\/a><\/p>\n<p>\u2014 Liverpool FC (@LFC) <a href=\"https:\/\/twitter.com\/LFC\/status\/751339930543071232\">8 de julio de 2016<\/a><\/p><\/blockquote>\n<p><script src=\"\/\/platform.twitter.com\/widgets.js\" async=\"\" charset=\"utf-8\"><\/script><\/p>\n<p>&#8220;Es dif\u00edcil explicar con palabras lo honrados que nos sentimos Zelkjo, Peter y yo con el compromiso mostrado por los due\u00f1os y el club en general. Estamos al inicio del viaje, pero la conexi\u00f3n que tenemos con todos aqu\u00ed es incre\u00edble&#8221;, asegur\u00f3 <strong><span class=\"classCadenaBusqueda\">Klopp<\/span><\/strong>, en unas declaraciones a la p\u00e1gina web de la entidad.<\/p>\n<p>&#8220;Soy el primero que sabe que con este compromiso tengo una gran responsabilidad. Todav\u00eda hay mucho por hacer y mucho por lograr, y queremos conseguirlo como el grupo m\u00e1s unido que haya: jugadores, cuerpo t\u00e9cnico, due\u00f1os y, desde luego, aficionados juntos&#8221;, prosigui\u00f3.<\/p>\n<p><span style=\"color: #3366ff;\">LEER M\u00c1S:\u00a0<a style=\"color: #3366ff;\" href=\"http:\/\/www.futboltotal.com.mx\/2016\/07\/guardiola-mourinho-lo-ayuda-a-mejor\/\">Para Guardiola, Mourinho lo ayuda a ser mejor<\/a><\/span><\/p>\n<p>El t\u00e9cnico alem\u00e1n lleg\u00f3 a Anfield despu\u00e9s de entrenar las \u00faltimas siete temporadas al Borussia Dortmund, club con el que gan\u00f3 dos Bundesligas, una Copa de Alemania y dos Supercopas, y al que gui\u00f3 a una Final de Liga de Campeones.<\/p>\n<p>El due\u00f1o del <strong>Liverpool<\/strong>, el magnate estadounidense John Henry, y el presidente, Tom Werner, afirmaron en un comunicado que no renovar a <span class=\"classCadenaBusqueda\">Klopp<\/span> hubiera sido &#8220;irresponsable&#8221;.<\/p>\n<p>&#8220;Cuando tienes a una persona de la calidad de J\u00fcrgen, tiene sentido qued\u00e1rtela durante un periodo largo de tiempo. No haberlo hecho hubiera sido irresponsable&#8221;, expresaron.<\/p>\n<blockquote class=\"twitter-tweet\" data-lang=\"es\"><p>\nWe&#8217;ve missed that smile, boss. <a href=\"https:\/\/t.co\/ET2EdGJFG4\">pic.twitter.com\/ET2EdGJFG4<\/a><\/p>\n<p>\u2014 Liverpool FC (@LFC) <a href=\"https:\/\/twitter.com\/LFC\/status\/751469451300724736\">8 de julio de 2016<\/a>\n<\/p><\/blockquote>\n<p><script src=\"\/\/platform.twitter.com\/widgets.js\" async=\"\" charset=\"utf-8\"><\/script><\/p>\n<p>&#8220;La motivaci\u00f3n detr\u00e1s de esta decisi\u00f3n es la clara mejor\u00eda y el desarrollo del club desde su llegada. Con <strong>J\u00fcrgen<\/strong> tenemos a alguien que est\u00e1 muy motivado y que mira al futuro, siempre poniendo por delante el equipo&#8221;, prosiguieron.<\/p>\n<p>&#8220;Es un entrenador de clase mundial y su liderazgo ser\u00e1 clave en todo lo que queremos conseguir en los pr\u00f3ximos a\u00f1os&#8221;, concluy\u00f3 la misiva. EFE<\/p>\n","protected":false},"excerpt":{"rendered":"<p>Klopp dijo &#8220;estar comprometido con la instituci\u00f3n&#8221;<\/p>\n","protected":false},"author":144,"featured_media":409449,"comment_status":"closed","ping_status":"closed","sticky":false,"template":"","format":"standard","meta":[],"categories":[3839,3846,5951],"tags":[2863,5989,334],"_links":{"self":[{"href":"http:\/\/desarrollo.grupomedios.com\/futbol\/wp-json\/wp\/v2\/posts\/409448"}],"collection":[{"href":"http:\/\/desarrollo.grupomedios.com\/futbol\/wp-json\/wp\/v2\/posts"}],"about":[{"href":"http:\/\/desarrollo.grupomedios.com\/futbol\/wp-json\/wp\/v2\/types\/post"}],"author":[{"embeddable":true,"href":"http:\/\/desarrollo.grupomedios.com\/futbol\/wp-json\/wp\/v2\/users\/144"}],"replies":[{"embeddable":true,"href":"http:\/\/desarrollo.grupomedios.com\/futbol\/wp-json\/wp\/v2\/comments?post=409448"}],"version-history":[{"count":0,"href":"http:\/\/desarrollo.grupomedios.com\/futbol\/wp-json\/wp\/v2\/posts\/409448\/revisions"}],"wp:featuredmedia":[{"embeddable":true,"href":"http:\/\/desarrollo.grupomedios.com\/futbol\/wp-json\/wp\/v2\/media\/409449"}],"wp:attachment":[{"href":"http:\/\/desarrollo.grupomedios.com\/futbol\/wp-json\/wp\/v2\/media?parent=409448"}],"wp:term":[{"taxonomy":"category","embeddable":true,"href":"http:\/\/desarrollo.grupomedios.com\/futbol\/wp-json\/wp\/v2\/categories?post=409448"},{"taxonomy":"post_tag","embeddable":true,"href":"http:\/\/desarrollo.grupomedios.com\/futbol\/wp-json\/wp\/v2\/tags?post=409448"}],"curies":[{"name":"wp","href":"https:\/\/api.w.org\/{rel}","templated":true}]}}