{"id":409457,"date":"2016-07-08T19:35:15","date_gmt":"2016-07-09T00:35:15","guid":{"rendered":"http:\/\/www.futboltotal.com.mx\/?p=409457"},"modified":"2016-07-08T19:35:15","modified_gmt":"2016-07-09T00:35:15","slug":"cinco-anos-honrar-al-futbol","status":"publish","type":"post","link":"http:\/\/desarrollo.grupomedios.com\/futbol\/futbol-mexicano\/cinco-anos-honrar-al-futbol\/2016\/07","title":{"rendered":"Cinco a\u00f1os de honrar al futbol"},"content":{"rendered":"<p>Este s\u00e1bado se cumplen cinco a\u00f1os de la inauguraci\u00f3n del <strong>Sal\u00f3n de la Fama<\/strong> y de Mundo Futbol\u00a0que tienen sede en la ciudad de <strong>Pachuca<\/strong>, Hidalgo.<\/p>\n<p>Los recintos abrieron sus puertas el 9 de julio de 2011 y en el evento de inauguraci\u00f3n estuvieron presentes Joseph Blatter, entonces presidente de la FIFA, y Jes\u00fas Mart\u00ednez Pati\u00f1o,\u00a0presidente de Grupo Pachuca, acompa\u00f1ados por Francisco Olvera Ruiz, gobernador de\u00a0Hidalgo y Sebasti\u00e1n Pi\u00f1era, expresidente de Chile.<\/p>\n<p><a href=\"http:\/\/www.futboltotal.com.mx\/wp-content\/uploads\/2016\/07\/cinco-anos-salon-fama-1.jpg\"><img decoding=\"async\" loading=\"lazy\" class=\"alignnone size-full wp-image-409459\" src=\"http:\/\/www.futboltotal.com.mx\/wp-content\/uploads\/2016\/07\/cinco-anos-salon-fama-1.jpg\" alt=\"cinco-anos-salon-fama-1\" srcset=\"http:\/\/desarrollo.grupomedios.com\/futbol\/wp-content\/uploads\/2016\/07\/cinco-anos-salon-fama-1.jpg 858w, http:\/\/desarrollo.grupomedios.com\/futbol\/wp-content\/uploads\/2016\/07\/cinco-anos-salon-fama-1-300x151.jpg 300w, http:\/\/desarrollo.grupomedios.com\/futbol\/wp-content\/uploads\/2016\/07\/cinco-anos-salon-fama-1-768x386.jpg 768w, http:\/\/desarrollo.grupomedios.com\/futbol\/wp-content\/uploads\/2016\/07\/cinco-anos-salon-fama-1-340x171.jpg 340w\" sizes=\"(max-width: 858px) 100vw, 858px\" \/><\/a><\/p>\n<p>En agosto de ese a\u00f1o se reunieron 50 periodistas de M\u00e9xico y el mundo para elegir a los 30\u00a0miembros de la primera generaci\u00f3n de investidos del <strong>Sal\u00f3n de la Fama<\/strong>. Desde entonces, el\u00a0recinto se ha enriquecido con nuevos ingresos.<\/p>\n<p>En abril de 2016, el Comit\u00e9 de Selecci\u00f3n eligi\u00f3 a la sexta generaci\u00f3n, integrada por Ronaldo,\u00a0Karl-Heinz Rummenigge, Zico, Paolo Rossi, Claudio Su\u00e1rez, Jared Borgetti, Ricardo <em>Tuca<\/em>\u00a0Ferretti, Jos\u00e9 Luis Lamadrid, <em>Panchito<\/em> Hern\u00e1ndez, Telmo Zarra y Sun Wen. Con ellos, el\u00a0n\u00famero de investidos llegar\u00e1 este a\u00f1o a 97.<\/p>\n<p><a href=\"http:\/\/www.futboltotal.com.mx\/wp-content\/uploads\/2016\/07\/cinco-anos-salon-fama-2.jpg\"><img decoding=\"async\" loading=\"lazy\" class=\"alignnone size-full wp-image-409460\" src=\"http:\/\/www.futboltotal.com.mx\/wp-content\/uploads\/2016\/07\/cinco-anos-salon-fama-2.jpg\" alt=\"cinco-anos-salon-fama-2\" srcset=\"http:\/\/desarrollo.grupomedios.com\/futbol\/wp-content\/uploads\/2016\/07\/cinco-anos-salon-fama-2.jpg 858w, http:\/\/desarrollo.grupomedios.com\/futbol\/wp-content\/uploads\/2016\/07\/cinco-anos-salon-fama-2-300x151.jpg 300w, http:\/\/desarrollo.grupomedios.com\/futbol\/wp-content\/uploads\/2016\/07\/cinco-anos-salon-fama-2-768x386.jpg 768w, http:\/\/desarrollo.grupomedios.com\/futbol\/wp-content\/uploads\/2016\/07\/cinco-anos-salon-fama-2-340x171.jpg 340w\" sizes=\"(max-width: 858px) 100vw, 858px\" \/><\/a><\/p>\n<p>Desde que fueron elegidas estas personalidades, <strong>Antonio<\/strong> <strong>Moreno<\/strong>, director ejecutivo del <strong>Sal\u00f3n\u00a0de la Fama<\/strong>, comenz\u00f3 a visitarlos para extenderles la invitaci\u00f3n a que reciban personalmente\u00a0su reconocimiento en la ceremonia de investidura el pr\u00f3ximo 8 de noviembre.<\/p>\n<p>Por el momento Moreno Zerme\u00f1o ya tuvo acercamientos con Jared Borgetti, Ronaldo y Sun\u00a0Wen y Zico. Los cuatro confirmaron su presencia.<\/p>\n<p><a href=\"http:\/\/www.futboltotal.com.mx\/wp-content\/uploads\/2016\/07\/cinco-anos-salon-fama-3.jpg\"><img decoding=\"async\" loading=\"lazy\" class=\"alignnone size-full wp-image-409461\" src=\"http:\/\/www.futboltotal.com.mx\/wp-content\/uploads\/2016\/07\/cinco-anos-salon-fama-3.jpg\" alt=\"cinco-anos-salon-fama-3\" srcset=\"http:\/\/desarrollo.grupomedios.com\/futbol\/wp-content\/uploads\/2016\/07\/cinco-anos-salon-fama-3.jpg 858w, http:\/\/desarrollo.grupomedios.com\/futbol\/wp-content\/uploads\/2016\/07\/cinco-anos-salon-fama-3-300x151.jpg 300w, http:\/\/desarrollo.grupomedios.com\/futbol\/wp-content\/uploads\/2016\/07\/cinco-anos-salon-fama-3-768x386.jpg 768w, http:\/\/desarrollo.grupomedios.com\/futbol\/wp-content\/uploads\/2016\/07\/cinco-anos-salon-fama-3-340x171.jpg 340w\" sizes=\"(max-width: 858px) 100vw, 858px\" \/><\/a><\/p>\n","protected":false},"excerpt":{"rendered":"<p>El Sal\u00f3n de la Fama del Futbol celebra su quinto aniversario este 9 de julio<\/p>\n","protected":false},"author":126,"featured_media":409458,"comment_status":"closed","ping_status":"closed","sticky":false,"template":"","format":"standard","meta":[],"categories":[2198,3845,5950],"tags":[64],"_links":{"self":[{"href":"http:\/\/desarrollo.grupomedios.com\/futbol\/wp-json\/wp\/v2\/posts\/409457"}],"collection":[{"href":"http:\/\/desarrollo.grupomedios.com\/futbol\/wp-json\/wp\/v2\/posts"}],"about":[{"href":"http:\/\/desarrollo.grupomedios.com\/futbol\/wp-json\/wp\/v2\/types\/post"}],"author":[{"embeddable":true,"href":"http:\/\/desarrollo.grupomedios.com\/futbol\/wp-json\/wp\/v2\/users\/126"}],"replies":[{"embeddable":true,"href":"http:\/\/desarrollo.grupomedios.com\/futbol\/wp-json\/wp\/v2\/comments?post=409457"}],"version-history":[{"count":0,"href":"http:\/\/desarrollo.grupomedios.com\/futbol\/wp-json\/wp\/v2\/posts\/409457\/revisions"}],"wp:featuredmedia":[{"embeddable":true,"href":"http:\/\/desarrollo.grupomedios.com\/futbol\/wp-json\/wp\/v2\/media\/409458"}],"wp:attachment":[{"href":"http:\/\/desarrollo.grupomedios.com\/futbol\/wp-json\/wp\/v2\/media?parent=409457"}],"wp:term":[{"taxonomy":"category","embeddable":true,"href":"http:\/\/desarrollo.grupomedios.com\/futbol\/wp-json\/wp\/v2\/categories?post=409457"},{"taxonomy":"post_tag","embeddable":true,"href":"http:\/\/desarrollo.grupomedios.com\/futbol\/wp-json\/wp\/v2\/tags?post=409457"}],"curies":[{"name":"wp","href":"https:\/\/api.w.org\/{rel}","templated":true}]}}