{"id":409463,"date":"2016-07-08T16:33:02","date_gmt":"2016-07-08T21:33:02","guid":{"rendered":"http:\/\/www.futboltotal.com.mx\/?p=409463"},"modified":"2016-07-08T16:33:02","modified_gmt":"2016-07-08T21:33:02","slug":"la-historia-del-balon-oro-la-liga-mx","status":"publish","type":"post","link":"http:\/\/desarrollo.grupomedios.com\/futbol\/destacado-home\/la-historia-del-balon-oro-la-liga-mx\/2016\/07","title":{"rendered":"La historia del Bal\u00f3n de Oro de la Liga MX"},"content":{"rendered":"<p>Este s\u00e1bado 9 de julio, la entrega del <strong>Bal\u00f3n de Oro de la Liga MX<\/strong> volver\u00e1 despu\u00e9s de cuatro a\u00f1os de ausencia para premiar a los mejores futbolistas del a\u00f1o en el futbol mexicano, incluyendo el torneo de Apertura 2015 y Clausura 2016.<\/p>\n<blockquote class=\"twitter-tweet\" data-lang=\"es\">\n<p dir=\"ltr\" lang=\"es\">&#8230; y como invitados a la Entrega del <a href=\"https:\/\/twitter.com\/hashtag\/Bal%C3%B3nDeOroMX?src=hash\">#Bal\u00f3nDeOroMX<\/a> del s\u00e1bado en L.A., <a href=\"https:\/\/twitter.com\/grupointocable\">@grupointocable<\/a> y <a href=\"https:\/\/twitter.com\/ElRecodoOficial\">@ElRecodoOficial<\/a><br \/>\n <a href=\"https:\/\/t.co\/bB0OcHixT1\">pic.twitter.com\/bB0OcHixT1<\/a><\/p>\n<p>\u2014 LIGA Bancomer MX (@LIGABancomerMX) <a href=\"https:\/\/twitter.com\/LIGABancomerMX\/status\/751482598518587392\">8 de julio de 2016<\/a><\/p><\/blockquote>\n<p><script src=\"\/\/platform.twitter.com\/widgets.js\" async=\"\" charset=\"utf-8\"><\/script><\/p>\n<p>Con los galardones de este s\u00e1bado, ser\u00e1 la edici\u00f3n n\u00famero 40 que se realiza la premiaci\u00f3n en el futbol mexicano, pues todo comenz\u00f3 en la temporada 1974-75 cuando se entregaron los &#8220;Premios Citlalli&#8221;, como anteriormente se le conoc\u00edan.<\/p>\n<p>Desde la temporada 1997-98 hasta la 2008-09 (a excepci\u00f3n del a\u00f1o 2003-04 y 2004-05 que se entregaron juntos), en la misma ceremonia se realizaba la premiaci\u00f3n a cada uno de los torneos que integraban el a\u00f1o futbol\u00edstico, pero en el Apertura 2009 se cambi\u00f3 la regla y se comenz\u00f3 a realizar cada seis meses.<\/p>\n<p style=\"text-align: center;\"><span style=\"color: #3366ff;\">LEER M\u00c1S:\u00a0<a style=\"color: #3366ff;\" href=\"http:\/\/www.futboltotal.com.mx\/2016\/07\/presentacion-uniforme-chiva-visto-100-mil-personas\/\">M\u00e1s de 100 mil personas vieron Chivas TV<\/a><\/span><\/p>\n<p>En esta ocasi\u00f3n, la premiaci\u00f3n se har\u00e1 como las primeras veces, pues se elegir\u00e1 a lo mejor de cada torneo en un solo evento, que servir\u00e1 como antesala del los partidos de S\u00fapercopa MX y el Campe\u00f3n de Campeones.<\/p>\n<p>Aqu\u00ed tienes algunos datos del <strong>Bal\u00f3n de Oro de la Liga Mx<\/strong>.<\/p>\n<p>[video_player]https:\/\/player.vimeo.com\/external\/173942297.hd.mp4?s=b09ca3f0b22d4fea2fd54c167e373dd7a730bd19&amp;profile_id=174[\/video_player]<\/p>\n","protected":false},"excerpt":{"rendered":"<p>Desde 1975 la liga premia lo mejor de cada torneo<\/p>\n","protected":false},"author":20,"featured_media":409472,"comment_status":"closed","ping_status":"closed","sticky":false,"template":"","format":"standard","meta":[],"categories":[5,2198,3845],"tags":[64],"_links":{"self":[{"href":"http:\/\/desarrollo.grupomedios.com\/futbol\/wp-json\/wp\/v2\/posts\/409463"}],"collection":[{"href":"http:\/\/desarrollo.grupomedios.com\/futbol\/wp-json\/wp\/v2\/posts"}],"about":[{"href":"http:\/\/desarrollo.grupomedios.com\/futbol\/wp-json\/wp\/v2\/types\/post"}],"author":[{"embeddable":true,"href":"http:\/\/desarrollo.grupomedios.com\/futbol\/wp-json\/wp\/v2\/users\/20"}],"replies":[{"embeddable":true,"href":"http:\/\/desarrollo.grupomedios.com\/futbol\/wp-json\/wp\/v2\/comments?post=409463"}],"version-history":[{"count":0,"href":"http:\/\/desarrollo.grupomedios.com\/futbol\/wp-json\/wp\/v2\/posts\/409463\/revisions"}],"wp:featuredmedia":[{"embeddable":true,"href":"http:\/\/desarrollo.grupomedios.com\/futbol\/wp-json\/wp\/v2\/media\/409472"}],"wp:attachment":[{"href":"http:\/\/desarrollo.grupomedios.com\/futbol\/wp-json\/wp\/v2\/media?parent=409463"}],"wp:term":[{"taxonomy":"category","embeddable":true,"href":"http:\/\/desarrollo.grupomedios.com\/futbol\/wp-json\/wp\/v2\/categories?post=409463"},{"taxonomy":"post_tag","embeddable":true,"href":"http:\/\/desarrollo.grupomedios.com\/futbol\/wp-json\/wp\/v2\/tags?post=409463"}],"curies":[{"name":"wp","href":"https:\/\/api.w.org\/{rel}","templated":true}]}}