{"id":409468,"date":"2016-07-08T16:18:47","date_gmt":"2016-07-08T21:18:47","guid":{"rendered":"http:\/\/www.futboltotal.com.mx\/?p=409468"},"modified":"2016-07-11T16:16:39","modified_gmt":"2016-07-11T21:16:39","slug":"mexico-sin-basquetbol-en-rio-2016","status":"publish","type":"post","link":"http:\/\/desarrollo.grupomedios.com\/futbol\/no-todo-es-futbol\/mexico-sin-basquetbol-en-rio-2016\/2016\/07","title":{"rendered":"M\u00e9xico, sin basquetbol en R\u00edo 2016"},"content":{"rendered":"<p>La <strong>selecci\u00f3n<\/strong> de <strong>baloncesto mexicana<\/strong> cay\u00f3 eliminada este en las semifinales del torneo preol\u00edmpico de Tur\u00edn ante la de <strong>Italia<\/strong> (79-54), que se jugar\u00e1 el \u00faltimo billete para los Juegos de <strong>R\u00edo 2016<\/strong> en la final de este s\u00e1bado contra Croacia, que derrot\u00f3 a Grecia.<\/p>\n<p><em>Paco<\/em> Cruz gui\u00f3 a los mexicanos en el primer tiempo, al anotar 14 puntos, pero su equipo sufri\u00f3 mucho en los rebotes defensivos (4 contra los 17 de Italia) y se fue al descanso perdiendo 38-28.<\/p>\n<blockquote class=\"twitter-tweet\" data-lang=\"es\">\n<p dir=\"ltr\" lang=\"es\">Finaliza el encuentro, nuestros <a href=\"https:\/\/twitter.com\/hashtag\/12guerreros?src=hash\">#12guerreros<\/a> caen 54-79 ante <a href=\"https:\/\/twitter.com\/hashtag\/Italia?src=hash\">#Italia<\/a> y quedan eliminados del Torneo de&#8230; <a href=\"https:\/\/t.co\/k99sgYp19b\">https:\/\/t.co\/k99sgYp19b<\/a><\/p>\n<p>\u2014 M\u00e9xico Basquetbol (@mexbasquet) <a href=\"https:\/\/twitter.com\/mexbasquet\/status\/751517324620869632\">8 de julio de 2016<\/a><\/p><\/blockquote>\n<p><script src=\"\/\/platform.twitter.com\/widgets.js\" async=\"\" charset=\"utf-8\"><\/script><\/p>\n<p><strong>Italia<\/strong>, que defendi\u00f3 con gran intensidad, fue liderada ofensivamente por el alero del Denver Nuggets Danilo Gallinari (15 puntos) y Niccol\u00f3 Melli, que anot\u00f3 14 puntos saliendo desde el banquillo.<\/p>\n<p>Sin embargo, el conjunto del t\u00e9cnico espa\u00f1ol Sergio Valdeolmillos demostr\u00f3 gran car\u00e1cter en el tercer cuarto cuando, tras ir perdiendo por 14 puntos (45-31), remont\u00f3 hasta el 47-41 a falta de 3.56 minutos para el final del per\u00edodo.<\/p>\n<p>Tras la parcial remontada, <strong>M\u00e9xico<\/strong> perdi\u00f3 lucidez y se qued\u00f3 3 minutos y 50 segundos sin poder anotar puntos, lo que provoc\u00f3 un contundente 11-0 de los <em>Azzurri<\/em> que cerraron el tercer per\u00edodo con un triple de Pietro Aradori que supon\u00eda el 58-41.<\/p>\n<blockquote class=\"twitter-tweet\" data-lang=\"es\"><p>\nInicia el \u00faltimo cuarto, \u00a1venga <a href=\"https:\/\/twitter.com\/hashtag\/12Guerreros?src=hash\">#12Guerreros<\/a>! \u00a1Vamos M\u00e9xico! <a href=\"https:\/\/twitter.com\/hashtag\/RoadToRio?src=hash\">#RoadToRio<\/a><\/p>\n<p>\u2014 NBA M\u00c9XICO (@NBAMEX) <a href=\"https:\/\/twitter.com\/NBAMEX\/status\/751512963563950080\">8 de julio de 2016<\/a>\n<\/p><\/blockquote>\n<p><script src=\"\/\/platform.twitter.com\/widgets.js\" async=\"\" charset=\"utf-8\"><\/script><\/p>\n<p>El cuadro del t\u00e9cnico Ettore Messina sigui\u00f3 dominando en los \u00faltimos 10 minutos y consigui\u00f3 el pase para la final (79-54), en la que se medir\u00e1 a Croacia, que elimin\u00f3 esta tarde a Grecia (66-61).<\/p>\n<p>&nbsp;<\/p>\n","protected":false},"excerpt":{"rendered":"<p>La selecci\u00f3n perdi\u00f3 frente a Italia en el reprechaje<\/p>\n","protected":false},"author":144,"featured_media":409469,"comment_status":"closed","ping_status":"closed","sticky":false,"template":"","format":"standard","meta":[],"categories":[5814,7182,5418,6411],"tags":[5461,5664],"_links":{"self":[{"href":"http:\/\/desarrollo.grupomedios.com\/futbol\/wp-json\/wp\/v2\/posts\/409468"}],"collection":[{"href":"http:\/\/desarrollo.grupomedios.com\/futbol\/wp-json\/wp\/v2\/posts"}],"about":[{"href":"http:\/\/desarrollo.grupomedios.com\/futbol\/wp-json\/wp\/v2\/types\/post"}],"author":[{"embeddable":true,"href":"http:\/\/desarrollo.grupomedios.com\/futbol\/wp-json\/wp\/v2\/users\/144"}],"replies":[{"embeddable":true,"href":"http:\/\/desarrollo.grupomedios.com\/futbol\/wp-json\/wp\/v2\/comments?post=409468"}],"version-history":[{"count":0,"href":"http:\/\/desarrollo.grupomedios.com\/futbol\/wp-json\/wp\/v2\/posts\/409468\/revisions"}],"wp:featuredmedia":[{"embeddable":true,"href":"http:\/\/desarrollo.grupomedios.com\/futbol\/wp-json\/wp\/v2\/media\/409469"}],"wp:attachment":[{"href":"http:\/\/desarrollo.grupomedios.com\/futbol\/wp-json\/wp\/v2\/media?parent=409468"}],"wp:term":[{"taxonomy":"category","embeddable":true,"href":"http:\/\/desarrollo.grupomedios.com\/futbol\/wp-json\/wp\/v2\/categories?post=409468"},{"taxonomy":"post_tag","embeddable":true,"href":"http:\/\/desarrollo.grupomedios.com\/futbol\/wp-json\/wp\/v2\/tags?post=409468"}],"curies":[{"name":"wp","href":"https:\/\/api.w.org\/{rel}","templated":true}]}}