{"id":409482,"date":"2016-07-08T17:16:25","date_gmt":"2016-07-08T22:16:25","guid":{"rendered":"http:\/\/www.futboltotal.com.mx\/?p=409482"},"modified":"2016-07-08T17:16:25","modified_gmt":"2016-07-08T22:16:25","slug":"bielsa-explica-renuncia-lazio","status":"publish","type":"post","link":"http:\/\/desarrollo.grupomedios.com\/futbol\/futbol-internacional\/bielsa-explica-renuncia-lazio\/2016\/07","title":{"rendered":"Bielsa explica su renuncia de Lazio"},"content":{"rendered":"<p>El t\u00e9cnico argentino <strong>Marcelo Bielsa<\/strong> explic\u00f3 que la raz\u00f3n de renunciar a entrenar al <strong>Lazio<\/strong>, despu\u00e9s de firmar la semana pasada un acuerdo con el club, es porque que \u00e9ste no cumpli\u00f3 con lo pactado en el programa de trabajo, como incorporar a al menos cuatro futbolistas antes del 5 de julio.<\/p>\n<p>En un texto que divulg\u00f3 hoy por las redes sociales el periodista Emiliano Pins\u00f3n, amigo cercano del timonel, el entrenador, de 60 a\u00f1os, explica a las autoridades del club romano que despu\u00e9s de cuatro semanas de trabajo &#8220;en com\u00fan&#8221; con ellos no se pudo lograr &#8220;ninguna de las siete incorporaciones previstas en el programa de trabajo expresamente aprobado por el presidente, Sr. Claudio Lotito&#8221;<\/p>\n<blockquote class=\"twitter-tweet\" data-lang=\"es\">\n<p dir=\"ltr\" lang=\"es\">Es oficial, Simone Inzaghi es el nuevo entrenador de la Lazio: &#8220;He firmado y estoy contento, ma\u00f1ana conocer\u00e9is todos los detalles&#8221;<\/p>\n<p>\u2014 SS Lazio (@sslazioes) <a href=\"https:\/\/twitter.com\/sslazioes\/status\/751536527646265344\">8 de julio de 2016<\/a><\/p><\/blockquote>\n<p><script src=\"\/\/platform.twitter.com\/widgets.js\" async=\"\" charset=\"utf-8\"><\/script><\/p>\n<p>&#8220;Teniendo en cuenta que tambi\u00e9n se consider\u00f3 la salida de 18 jugadores que actuaron en la temporada anterior&#8221;, se\u00f1ala el texto de <strong>Bielsa<\/strong>, fechado el 7 de julio en su ciudad natal, Rosario.<\/p>\n<p>Seg\u00fan el t\u00e9cnico, &#8220;estaba acordado, como condici\u00f3n indispensable para la ejecuci\u00f3n del programa de trabajo&#8221;, que se contratara a al menos cuatro futbolistas antes del 5 de julio, &#8220;con el objetivo de que pudieran participar del trabajo de pretemporada&#8221;.<\/p>\n<p>&#8220;Por mi estilo de trabajo necesitaba contar con los futbolistas en tiempo y forma para entrenarlos&#8221;, aclar\u00f3 el exdirector t\u00e9cnico del Athletic Bilbao y Marsella, quien a\u00f1adi\u00f3 que pasada esa fecha no se hicieron efectivas esas incorporaciones.<\/p>\n<blockquote class=\"twitter-tweet\" data-lang=\"es\"><p>\nRotura Lazio-Bielsa. Abogado del club (Gentile): \u201cRotura del contrato por parte del t\u00e9cnico, inevitable la acci\u00f3n legal\u201d<\/p>\n<p>\u2014 SS Lazio (@sslazioes) <a href=\"https:\/\/twitter.com\/sslazioes\/status\/751364446661046272\">8 de julio de 2016<\/a>\n<\/p><\/blockquote>\n<p><script src=\"\/\/platform.twitter.com\/widgets.js\" async=\"\" charset=\"utf-8\"><\/script><\/p>\n<p>A su vez, <strong>Bielsa<\/strong> dej\u00f3 en claro que no maneja &#8220;ninguna otra opci\u00f3n laboral alternativa&#8221;, respecto a la posibilidad de que pudiera ponerse al frente de la selecci\u00f3n argentina de f\u00fatbol, que ya dirigi\u00f3 entre 1998 y 2004.<\/p>\n<p>&#8220;Enviaremos en breve la documentaci\u00f3n legal que certifique las renuncias. Entiendo que ustedes informar\u00e1n esta decisi\u00f3n a los medios. Solo si es necesario brindar\u00e9 alg\u00fan tipo de aclaraci\u00f3n p\u00fablica&#8221;, escribi\u00f3 <strong>Bielsa<\/strong> en el final de la carta destinada a los dirigentes de <strong>Lazio<\/strong>.<\/p>\n<p>El <em>Loco<\/em> tambi\u00e9n reproch\u00f3 que el club hiciera p\u00fablico su contrato a pesar de los dirigentes sab\u00edan que &#8220;no era viable&#8221; si no se cumpl\u00eda con lo pactado.<\/p>\n<p>&nbsp;<\/p>\n<p><span style=\"color: #ff0000;\"><strong>VIDEO<\/strong>: Las mejores aficiones de la Eurocopa<\/span><br \/>\n[video_player]https:\/\/player.vimeo.com\/external\/173499566.sd.mp4?s=e7f52fb3429dac9c2cd9f4bfb6168e261587a07b&amp;profile_id=165[\/video_player]<\/p>\n","protected":false},"excerpt":{"rendered":"<p>El Loco se\u00f1al\u00f3 que el club no cumpli\u00f3 con lo pactado<\/p>\n","protected":false},"author":144,"featured_media":409483,"comment_status":"closed","ping_status":"closed","sticky":false,"template":"","format":"standard","meta":[],"categories":[3839,3848,5951],"tags":[6214,1173,5958],"_links":{"self":[{"href":"http:\/\/desarrollo.grupomedios.com\/futbol\/wp-json\/wp\/v2\/posts\/409482"}],"collection":[{"href":"http:\/\/desarrollo.grupomedios.com\/futbol\/wp-json\/wp\/v2\/posts"}],"about":[{"href":"http:\/\/desarrollo.grupomedios.com\/futbol\/wp-json\/wp\/v2\/types\/post"}],"author":[{"embeddable":true,"href":"http:\/\/desarrollo.grupomedios.com\/futbol\/wp-json\/wp\/v2\/users\/144"}],"replies":[{"embeddable":true,"href":"http:\/\/desarrollo.grupomedios.com\/futbol\/wp-json\/wp\/v2\/comments?post=409482"}],"version-history":[{"count":0,"href":"http:\/\/desarrollo.grupomedios.com\/futbol\/wp-json\/wp\/v2\/posts\/409482\/revisions"}],"wp:featuredmedia":[{"embeddable":true,"href":"http:\/\/desarrollo.grupomedios.com\/futbol\/wp-json\/wp\/v2\/media\/409483"}],"wp:attachment":[{"href":"http:\/\/desarrollo.grupomedios.com\/futbol\/wp-json\/wp\/v2\/media?parent=409482"}],"wp:term":[{"taxonomy":"category","embeddable":true,"href":"http:\/\/desarrollo.grupomedios.com\/futbol\/wp-json\/wp\/v2\/categories?post=409482"},{"taxonomy":"post_tag","embeddable":true,"href":"http:\/\/desarrollo.grupomedios.com\/futbol\/wp-json\/wp\/v2\/tags?post=409482"}],"curies":[{"name":"wp","href":"https:\/\/api.w.org\/{rel}","templated":true}]}}