{"id":409504,"date":"2016-07-08T19:33:11","date_gmt":"2016-07-09T00:33:11","guid":{"rendered":"http:\/\/www.futboltotal.com.mx\/?p=409504"},"modified":"2016-07-08T19:33:11","modified_gmt":"2016-07-09T00:33:11","slug":"nino-se-desmaya-al-conocer-a-stephen-curry","status":"publish","type":"post","link":"http:\/\/desarrollo.grupomedios.com\/futbol\/videos\/nino-se-desmaya-al-conocer-a-stephen-curry\/2016\/07","title":{"rendered":"Ni\u00f1o se \u201cdesmaya\u201d al conocer a Stephen Curry"},"content":{"rendered":"<p><em>Crack<\/em>, \u00bfcu\u00e1l crees que ser\u00eda tu reacci\u00f3n al conocer a tu gran \u00eddolo? Las posibles respuestas las dio la figura de los <strong>Golden State Warriors<\/strong>, <strong>Stephen Curry<\/strong>, quien sorprendi\u00f3 a unos peque\u00f1os seguidores en sus casas que no pudieron ocultar su felicidad a tal grado que uno de ellos incluso se \u201c<strong>desmay\u00f3<\/strong>\u201d de la emoci\u00f3n.<\/p>\n<p><iframe loading=\"lazy\" src=\"https:\/\/www.youtube.com\/embed\/264WG0zcniU\" frameborder=\"0\" allowfullscreen=\"allowfullscreen\"><\/iframe><\/p>\n","protected":false},"excerpt":{"rendered":"<p>La estrella de los Warriors sorprendi\u00f3 a sus fans<\/p>\n","protected":false},"author":20,"featured_media":409505,"comment_status":"closed","ping_status":"closed","sticky":false,"template":"","format":"standard","meta":[],"categories":[5418,6411,4],"tags":[5771,5461],"_links":{"self":[{"href":"http:\/\/desarrollo.grupomedios.com\/futbol\/wp-json\/wp\/v2\/posts\/409504"}],"collection":[{"href":"http:\/\/desarrollo.grupomedios.com\/futbol\/wp-json\/wp\/v2\/posts"}],"about":[{"href":"http:\/\/desarrollo.grupomedios.com\/futbol\/wp-json\/wp\/v2\/types\/post"}],"author":[{"embeddable":true,"href":"http:\/\/desarrollo.grupomedios.com\/futbol\/wp-json\/wp\/v2\/users\/20"}],"replies":[{"embeddable":true,"href":"http:\/\/desarrollo.grupomedios.com\/futbol\/wp-json\/wp\/v2\/comments?post=409504"}],"version-history":[{"count":0,"href":"http:\/\/desarrollo.grupomedios.com\/futbol\/wp-json\/wp\/v2\/posts\/409504\/revisions"}],"wp:featuredmedia":[{"embeddable":true,"href":"http:\/\/desarrollo.grupomedios.com\/futbol\/wp-json\/wp\/v2\/media\/409505"}],"wp:attachment":[{"href":"http:\/\/desarrollo.grupomedios.com\/futbol\/wp-json\/wp\/v2\/media?parent=409504"}],"wp:term":[{"taxonomy":"category","embeddable":true,"href":"http:\/\/desarrollo.grupomedios.com\/futbol\/wp-json\/wp\/v2\/categories?post=409504"},{"taxonomy":"post_tag","embeddable":true,"href":"http:\/\/desarrollo.grupomedios.com\/futbol\/wp-json\/wp\/v2\/tags?post=409504"}],"curies":[{"name":"wp","href":"https:\/\/api.w.org\/{rel}","templated":true}]}}