{"id":409507,"date":"2016-07-08T19:44:40","date_gmt":"2016-07-09T00:44:40","guid":{"rendered":"http:\/\/www.futboltotal.com.mx\/?p=409507"},"modified":"2016-07-08T19:44:40","modified_gmt":"2016-07-09T00:44:40","slug":"gales-copia-festejo-islandia","status":"publish","type":"post","link":"http:\/\/desarrollo.grupomedios.com\/futbol\/videos\/gales-copia-festejo-islandia\/2016\/07","title":{"rendered":"Gales tambi\u00e9n copia festejo de Islandia"},"content":{"rendered":"<p><strong>Islandia<\/strong> cautiv\u00f3 a todo el mundo gracias a su energ\u00eda y logros en la <a href=\"http:\/\/www.futboltotal.com.mx\/eurocopa-2016\/\" target=\"_blank\"><strong>Eurocopa<\/strong><\/a>, pero de igual forma\u00a0lo hizo gracias a su caracter\u00edstico festejo \u201cvikingo\u201d, fue tal la popularidad de esto \u00faltimo que la selecci\u00f3n de Francia emul\u00f3 dicha celebraci\u00f3n al vencer a Alemania, pero no conformes, al rededor de 200 mil aficionados a la selecci\u00f3n de <strong>Gales<\/strong> recibieron al equipo&#8230; tambi\u00e9n con el grito.<\/p>\n<p><iframe loading=\"lazy\" src=\"https:\/\/www.youtube.com\/embed\/nrckNax3GCk\" frameborder=\"0\" allowfullscreen=\"allowfullscreen\"><\/iframe><\/p>\n","protected":false},"excerpt":{"rendered":"<p>M\u00e1s de 200 mil personas recibieron a los Dragones <\/p>\n","protected":false},"author":20,"featured_media":409508,"comment_status":"closed","ping_status":"closed","sticky":false,"template":"","format":"standard","meta":[],"categories":[6995,3839,4,7001],"tags":[2236],"_links":{"self":[{"href":"http:\/\/desarrollo.grupomedios.com\/futbol\/wp-json\/wp\/v2\/posts\/409507"}],"collection":[{"href":"http:\/\/desarrollo.grupomedios.com\/futbol\/wp-json\/wp\/v2\/posts"}],"about":[{"href":"http:\/\/desarrollo.grupomedios.com\/futbol\/wp-json\/wp\/v2\/types\/post"}],"author":[{"embeddable":true,"href":"http:\/\/desarrollo.grupomedios.com\/futbol\/wp-json\/wp\/v2\/users\/20"}],"replies":[{"embeddable":true,"href":"http:\/\/desarrollo.grupomedios.com\/futbol\/wp-json\/wp\/v2\/comments?post=409507"}],"version-history":[{"count":0,"href":"http:\/\/desarrollo.grupomedios.com\/futbol\/wp-json\/wp\/v2\/posts\/409507\/revisions"}],"wp:featuredmedia":[{"embeddable":true,"href":"http:\/\/desarrollo.grupomedios.com\/futbol\/wp-json\/wp\/v2\/media\/409508"}],"wp:attachment":[{"href":"http:\/\/desarrollo.grupomedios.com\/futbol\/wp-json\/wp\/v2\/media?parent=409507"}],"wp:term":[{"taxonomy":"category","embeddable":true,"href":"http:\/\/desarrollo.grupomedios.com\/futbol\/wp-json\/wp\/v2\/categories?post=409507"},{"taxonomy":"post_tag","embeddable":true,"href":"http:\/\/desarrollo.grupomedios.com\/futbol\/wp-json\/wp\/v2\/tags?post=409507"}],"curies":[{"name":"wp","href":"https:\/\/api.w.org\/{rel}","templated":true}]}}