{"id":409517,"date":"2016-07-09T12:30:20","date_gmt":"2016-07-09T17:30:20","guid":{"rendered":"http:\/\/www.futboltotal.com.mx\/?p=409517"},"modified":"2016-07-09T15:18:22","modified_gmt":"2016-07-09T20:18:22","slug":"andres-guardado-respondio-a-luis-garcia","status":"publish","type":"post","link":"http:\/\/desarrollo.grupomedios.com\/futbol\/destacado-home\/andres-guardado-respondio-a-luis-garcia\/2016\/07","title":{"rendered":"&#8220;\u00bfT\u00fa qu\u00e9 ganaste?&#8221;, dice Guardado a Lu\u00eds Garc\u00eda"},"content":{"rendered":"<p>Despu\u00e9s de que el ex futbolista <strong>Luis Garc\u00eda<\/strong> explotar\u00e1 despu\u00e9s de la terrible derrota de <strong>M\u00e9xico<\/strong> ante Chile en la Copa Am\u00e9rica, el mediocampista y capit\u00e1n de la Selecci\u00f3n Mexicana, <strong>Andr\u00e9s Guardado<\/strong>, se encarg\u00f3 de responder al comentarista despu\u00e9s de sus cr\u00edticas.<\/p>\n<p><img decoding=\"async\" loading=\"lazy\" class=\"alignnone size-full wp-image-409519\" src=\"http:\/\/www.futboltotal.com.mx\/wp-content\/uploads\/2016\/07\/frase-guardado-1.jpg\" alt=\"frase-guardado\" srcset=\"http:\/\/desarrollo.grupomedios.com\/futbol\/wp-content\/uploads\/2016\/07\/frase-guardado-1.jpg 1880w, http:\/\/desarrollo.grupomedios.com\/futbol\/wp-content\/uploads\/2016\/07\/frase-guardado-1-300x251.jpg 300w, http:\/\/desarrollo.grupomedios.com\/futbol\/wp-content\/uploads\/2016\/07\/frase-guardado-1-768x644.jpg 768w, http:\/\/desarrollo.grupomedios.com\/futbol\/wp-content\/uploads\/2016\/07\/frase-guardado-1-1024x858.jpg 1024w\" sizes=\"(max-width: 1880px) 100vw, 1880px\" \/><\/p>\n<p>Adem\u00e1s, <strong>Guardado<\/strong> tambi\u00e9n habl\u00f3 sobre la continuidad de Juan Carlos Osorio y sus formas de juego, a lo que el jugador del PSV respondi\u00f3 con toda honestidad.<\/p>\n<p>&#8220;En <strong>M\u00e9xico<\/strong> nada nos gusta. Con Chepo (Jos\u00e9 Manuel de la Torre) siempre jug\u00e1bamos los mismos y se le criticaba por eso, y ahora viene un entrenador que viene con otra idea, que busca variantes y cambiar cada partido, y tambi\u00e9n se le pregunta por qu\u00e9 cambia tanto.\u00a0Al final ninguna de las dos nos ha dado resultados\u201d, expres\u00f3 en entrevista para ESPN.<\/p>\n<p style=\"text-align: center;\"><span style=\"color: #3366ff;\">LEER M\u00c1S:\u00a0<a style=\"color: #3366ff;\" href=\"http:\/\/www.futboltotal.com.mx\/2016\/07\/mexico-iniciaria-hexagonal-contra-eu\/\">M\u00e9xico iniciar\u00eda Hexagonal contra EU<\/a><\/span><\/p>\n","protected":false},"excerpt":{"rendered":"<p>El mexicano respondi\u00f3 a las cr\u00edticas del comentarista<\/p>\n","protected":false},"author":20,"featured_media":409520,"comment_status":"closed","ping_status":"closed","sticky":false,"template":"","format":"standard","meta":[],"categories":[5,2198,3847],"tags":[6046,5979],"_links":{"self":[{"href":"http:\/\/desarrollo.grupomedios.com\/futbol\/wp-json\/wp\/v2\/posts\/409517"}],"collection":[{"href":"http:\/\/desarrollo.grupomedios.com\/futbol\/wp-json\/wp\/v2\/posts"}],"about":[{"href":"http:\/\/desarrollo.grupomedios.com\/futbol\/wp-json\/wp\/v2\/types\/post"}],"author":[{"embeddable":true,"href":"http:\/\/desarrollo.grupomedios.com\/futbol\/wp-json\/wp\/v2\/users\/20"}],"replies":[{"embeddable":true,"href":"http:\/\/desarrollo.grupomedios.com\/futbol\/wp-json\/wp\/v2\/comments?post=409517"}],"version-history":[{"count":0,"href":"http:\/\/desarrollo.grupomedios.com\/futbol\/wp-json\/wp\/v2\/posts\/409517\/revisions"}],"wp:featuredmedia":[{"embeddable":true,"href":"http:\/\/desarrollo.grupomedios.com\/futbol\/wp-json\/wp\/v2\/media\/409520"}],"wp:attachment":[{"href":"http:\/\/desarrollo.grupomedios.com\/futbol\/wp-json\/wp\/v2\/media?parent=409517"}],"wp:term":[{"taxonomy":"category","embeddable":true,"href":"http:\/\/desarrollo.grupomedios.com\/futbol\/wp-json\/wp\/v2\/categories?post=409517"},{"taxonomy":"post_tag","embeddable":true,"href":"http:\/\/desarrollo.grupomedios.com\/futbol\/wp-json\/wp\/v2\/tags?post=409517"}],"curies":[{"name":"wp","href":"https:\/\/api.w.org\/{rel}","templated":true}]}}