{"id":409522,"date":"2016-07-09T11:10:29","date_gmt":"2016-07-09T16:10:29","guid":{"rendered":"http:\/\/www.futboltotal.com.mx\/?p=409522"},"modified":"2016-07-09T11:10:58","modified_gmt":"2016-07-09T16:10:58","slug":"confirman-edad-renato-sanches","status":"publish","type":"post","link":"http:\/\/desarrollo.grupomedios.com\/futbol\/futbol-internacional\/confirman-edad-renato-sanches\/2016\/07","title":{"rendered":"Confirman edad de Renato Sanches"},"content":{"rendered":"<p>La divulgaci\u00f3n del registro de nacimiento del medio portugu\u00e9s <strong><span class=\"classCadenaBusqueda\">Renato<\/span> Sanches<\/strong> ha puesto punto y final a las especulaciones sobre la edad real del jugador de la selecci\u00f3n lusa: naci\u00f3 el 18 de agosto de 1997, por lo que tiene 18 a\u00f1os y 326 d\u00edas.<\/p>\n<p>El peri\u00f3dico luso <em>Di\u00e1rio de Not\u00edcias<\/em>\u00a0difundi\u00f3 este s\u00e1bado el registro de internamiento en el Hospital de Amadora-Sintra de Maria das Dores, madre de <strong>Sanches<\/strong>.<\/p>\n<p>En \u00e9l se certifica que el centrocampista de la cantera del Benfica naci\u00f3 a las 15:25 horas del 18 de agosto de 1997, con 2,56 kilos de peso. Le pusieron el nombre de <span class=\"classCadenaBusqueda\">Renato<\/span> Sanches, el mismo que el padre.<\/p>\n<p style=\"text-align: center;\"><span style=\"color: #3366ff;\">LEER M\u00c1S:\u00a0<a style=\"color: #3366ff;\" href=\"http:\/\/www.futboltotal.com.mx\/2016\/07\/africa-conquistaria-la-eurocopa\/\">\u00c1frica conquistar\u00eda la Eurocopa<\/a><\/span><\/p>\n<p>En <strong>Portugal<\/strong>, dirigentes del Sporting, rival del Benfica, fueron los primeros en levantar sospechas sobre su edad y sugerir que fue registrado a\u00f1os m\u00e1s tarde de su nacimiento.<\/p>\n<p>El \u00faltimo que se sum\u00f3 a esa denuncia fue el entrenador franc\u00e9s Guy Roux: &#8220;Fue registrado a\u00f1os m\u00e1s tarde y creo que tiene 23 o 24 a\u00f1os&#8221;.<\/p>\n<p>La prensa lusa avanz\u00f3 que Roux ser\u00e1 llevado a los tribunales por el propio <strong>Sanches<\/strong> quien, ajeno a la pol\u00e9mica, se ha dedicado a batir r\u00e9cords nacionales con la selecci\u00f3n que estaban en posesi\u00f3n de Cristiano Ronaldo.<\/p>\n<blockquote class=\"twitter-tweet\" data-lang=\"es\">\n<p dir=\"ltr\" lang=\"en\">All smiles as <a href=\"https:\/\/twitter.com\/Cristiano\">@Cristiano<\/a> &amp; <a href=\"https:\/\/twitter.com\/selecaoportugal\">@selecaoportugal<\/a> get set. <a href=\"https:\/\/twitter.com\/hashtag\/PORFRA?src=hash\">#PORFRA<\/a> <a href=\"https:\/\/twitter.com\/hashtag\/EURO2016?src=hash\">#EURO2016<\/a><a href=\"https:\/\/t.co\/uV2z51CXg9\">https:\/\/t.co\/uV2z51CXg9<\/a><\/p>\n<p>\u2014 UEFA EURO 2016 (@UEFAEURO) <a href=\"https:\/\/twitter.com\/UEFAEURO\/status\/751799756167352321\">9 de julio de 2016<\/a><\/p><\/blockquote>\n<p><script src=\"\/\/platform.twitter.com\/widgets.js\" async=\"\" charset=\"utf-8\"><\/script><\/p>\n<p>Primero como el portugu\u00e9s m\u00e1s joven en ser convocado para una fase final de una competici\u00f3n oficial y despu\u00e9s como el anotador m\u00e1s precoz de la historia de la selecci\u00f3n en fases finales, por el tanto que anot\u00f3 a Polonia en los Cuartos de Final.<\/p>\n<p>Al t\u00e9rmino de la victoria ante Gales, la UEFA inform\u00f3 de otro hito m\u00e1s: <strong><span class=\"classCadenaBusqueda\">Renato<\/span> Sanches<\/strong>, nuevo jugador del Bayern M\u00fanich, se convirti\u00f3 en el m\u00e1s joven en jugar una Semifinal de la <strong>Eurocopa<\/strong>.<\/p>\n<p>Podr\u00e1 batir otro nuevo hito, el de ser el campe\u00f3n de una <strong>Eurocopa<\/strong> m\u00e1s joven, si los lusos baten ma\u00f1ana en la Final del torneo al anfitri\u00f3n Francia.<\/p>\n<p style=\"text-align: center;\"><span style=\"color: #3366ff;\">LEER M\u00c1S:\u00a0<a style=\"color: #3366ff;\" href=\"http:\/\/www.futboltotal.com.mx\/2016\/07\/xavi-entregara-el-trofeo-la-eurocopa\/\">Xavi entregar\u00e1 el trofeo de la Eurocopa<\/a><\/span><\/p>\n","protected":false},"excerpt":{"rendered":"<p>El diario portugu\u00e9s &#8220;Diario Noticias&#8221; confirm\u00f3 la edad del juvenil<\/p>\n","protected":false},"author":144,"featured_media":409523,"comment_status":"closed","ping_status":"closed","sticky":false,"template":"","format":"standard","meta":[],"categories":[6995,3839,6999,5951],"tags":[2236,715],"_links":{"self":[{"href":"http:\/\/desarrollo.grupomedios.com\/futbol\/wp-json\/wp\/v2\/posts\/409522"}],"collection":[{"href":"http:\/\/desarrollo.grupomedios.com\/futbol\/wp-json\/wp\/v2\/posts"}],"about":[{"href":"http:\/\/desarrollo.grupomedios.com\/futbol\/wp-json\/wp\/v2\/types\/post"}],"author":[{"embeddable":true,"href":"http:\/\/desarrollo.grupomedios.com\/futbol\/wp-json\/wp\/v2\/users\/144"}],"replies":[{"embeddable":true,"href":"http:\/\/desarrollo.grupomedios.com\/futbol\/wp-json\/wp\/v2\/comments?post=409522"}],"version-history":[{"count":0,"href":"http:\/\/desarrollo.grupomedios.com\/futbol\/wp-json\/wp\/v2\/posts\/409522\/revisions"}],"wp:featuredmedia":[{"embeddable":true,"href":"http:\/\/desarrollo.grupomedios.com\/futbol\/wp-json\/wp\/v2\/media\/409523"}],"wp:attachment":[{"href":"http:\/\/desarrollo.grupomedios.com\/futbol\/wp-json\/wp\/v2\/media?parent=409522"}],"wp:term":[{"taxonomy":"category","embeddable":true,"href":"http:\/\/desarrollo.grupomedios.com\/futbol\/wp-json\/wp\/v2\/categories?post=409522"},{"taxonomy":"post_tag","embeddable":true,"href":"http:\/\/desarrollo.grupomedios.com\/futbol\/wp-json\/wp\/v2\/tags?post=409522"}],"curies":[{"name":"wp","href":"https:\/\/api.w.org\/{rel}","templated":true}]}}