{"id":409525,"date":"2016-07-09T11:35:15","date_gmt":"2016-07-09T16:35:15","guid":{"rendered":"http:\/\/www.futboltotal.com.mx\/?p=409525"},"modified":"2016-07-09T11:35:15","modified_gmt":"2016-07-09T16:35:15","slug":"10-anos-despues-del-cabezazo-zidane","status":"publish","type":"post","link":"http:\/\/desarrollo.grupomedios.com\/futbol\/destacado-home\/10-anos-despues-del-cabezazo-zidane\/2016\/07","title":{"rendered":"A una d\u00e9cada del cabezazo de Zidane a Materazzi"},"content":{"rendered":"<p>Este s\u00e1bado 9 de julio se cumplen nueve a\u00f1os de que la Selecci\u00f3n de Italia consigui\u00f3 su cuarto t\u00edtulo mundial cuando venci\u00f3 a Francia en la Final de la Copa del Mundo de Alemania 2006.<\/p>\n<p>Adem\u00e1s del triunfo italiano, otro de los hechos hist\u00f3ricos que se quedaron en la cancha del Estadio Ol\u00edmpico de Berl\u00edn fue el cabezazo que dio el\u00a0<em>galo\u00a0<\/em><strong>Zinedine Zidane<\/strong> a <strong>Marco Materazzi<\/strong>, quien 10 a\u00f1os despu\u00e9s volvi\u00f3 a hablar de lo ocurrido.<\/p>\n<p><iframe loading=\"lazy\" src=\"https:\/\/www.youtube.com\/embed\/KDY2qUc94i4\" frameborder=\"0\" allowfullscreen=\"allowfullscreen\"><\/iframe><\/p>\n<p>&#8220;Habl\u00e9 de su hermana pero no de su madre, como he podido leer en algunos peri\u00f3dicos. Mi madre falleci\u00f3 mientras era un adolescente, nunca me hubiera permitido insultar a la suya\u201d, dijo <strong>Materazzi<\/strong>.<\/p>\n<p>A pesar de que no cay\u00f3 en especificaciones, el ex jugador del Inter de Mil\u00e1n dijo que ya dej\u00f3 toda esa controversia a un lado, pues incluso despu\u00e9s se disculp\u00f3 con el ahora t\u00e9cnico del Real Madrid.<\/p>\n<p>&#8220;Decid\u00ed publicar un libro sobre este acontecimiento porque todo el mundo me preguntaba lo que le hab\u00eda dicho (a <strong>Zidane<\/strong>) para que reaccionara as\u00ed. Mis palabras fueron est\u00fapidas pero no merec\u00edan esa reacci\u00f3n. En cualquier barrio de Roma, N\u00e1poles, Tur\u00edn, Mil\u00e1n o Par\u00eds, se oyen cosas mucho m\u00e1s graves\u201d.<\/p>\n<blockquote class=\"twitter-tweet\" data-lang=\"es\">\n<p dir=\"ltr\" lang=\"es\">Hoy, hace 10 a\u00f1os, Italia se coron\u00f3 campe\u00f3n del mundo. La recordada final del cabezazo de Zidane a Materazzi. <a href=\"https:\/\/t.co\/seEKPO7jqH\">pic.twitter.com\/seEKPO7jqH<\/a><\/p>\n<p>\u2014 F\u00fatbol\u26bdFichajes. (@iFutbolFichajes) <a href=\"https:\/\/twitter.com\/iFutbolFichajes\/status\/751811239735652353\">9 de julio de 2016<\/a><\/p><\/blockquote>\n<p><script src=\"\/\/platform.twitter.com\/widgets.js\" async=\"\" charset=\"utf-8\"><\/script><\/p>\n<p>Para <strong>Materazzi<\/strong> los hechos se salieron de control e incluso le pareci\u00f3 exagerada la forma en que los medios de comunicaci\u00f3n hicieron la historia, pues considera que algunos no sab\u00edan ni siquiera lo que pas\u00f3 bien ese d\u00eda de la Final, que tras la expulsi\u00f3n de <strong>Zidane<\/strong>, les permiti\u00f3 llegar a los penales donde se coronaron.<\/p>\n<p>&#8220;A veces, en Italia, me cruzo con fans que dicen: \u2018\u00a1<strong>Marco<\/strong>, hiciste muy bien darle este cabezazo!\u2019. Esto me enfada porque el cabezazo \u00a1lo recib\u00ed yo!. Esto demuestra que la historia fue contada de manera extra\u00f1a. Pero no pasa nada, no tengo rencor y nunca lo tendr\u00e9\u201d, confes\u00f3<strong> Materazzi<\/strong> al diario franc\u00e9s\u00a0<em>L\u2019Equipe.<\/em><\/p>\n<p style=\"text-align: center;\"><span style=\"color: #3366ff;\">LEER M\u00c1S:\u00a0<a style=\"color: #3366ff;\" href=\"http:\/\/www.futboltotal.com.mx\/2016\/07\/gales-copia-festejo-islandia\/\">Gales tambi\u00e9n copia festejo de Islandia<\/a><\/span><\/p>\n","protected":false},"excerpt":{"rendered":"<p>El italiano Materazzi habl\u00f3 de lo sucedido<\/p>\n","protected":false},"author":20,"featured_media":409526,"comment_status":"closed","ping_status":"closed","sticky":false,"template":"","format":"standard","meta":[],"categories":[5,3839],"tags":[413,2943],"_links":{"self":[{"href":"http:\/\/desarrollo.grupomedios.com\/futbol\/wp-json\/wp\/v2\/posts\/409525"}],"collection":[{"href":"http:\/\/desarrollo.grupomedios.com\/futbol\/wp-json\/wp\/v2\/posts"}],"about":[{"href":"http:\/\/desarrollo.grupomedios.com\/futbol\/wp-json\/wp\/v2\/types\/post"}],"author":[{"embeddable":true,"href":"http:\/\/desarrollo.grupomedios.com\/futbol\/wp-json\/wp\/v2\/users\/20"}],"replies":[{"embeddable":true,"href":"http:\/\/desarrollo.grupomedios.com\/futbol\/wp-json\/wp\/v2\/comments?post=409525"}],"version-history":[{"count":0,"href":"http:\/\/desarrollo.grupomedios.com\/futbol\/wp-json\/wp\/v2\/posts\/409525\/revisions"}],"wp:featuredmedia":[{"embeddable":true,"href":"http:\/\/desarrollo.grupomedios.com\/futbol\/wp-json\/wp\/v2\/media\/409526"}],"wp:attachment":[{"href":"http:\/\/desarrollo.grupomedios.com\/futbol\/wp-json\/wp\/v2\/media?parent=409525"}],"wp:term":[{"taxonomy":"category","embeddable":true,"href":"http:\/\/desarrollo.grupomedios.com\/futbol\/wp-json\/wp\/v2\/categories?post=409525"},{"taxonomy":"post_tag","embeddable":true,"href":"http:\/\/desarrollo.grupomedios.com\/futbol\/wp-json\/wp\/v2\/tags?post=409525"}],"curies":[{"name":"wp","href":"https:\/\/api.w.org\/{rel}","templated":true}]}}