{"id":409531,"date":"2016-07-09T12:50:10","date_gmt":"2016-07-09T17:50:10","guid":{"rendered":"http:\/\/www.futboltotal.com.mx\/?p=409531"},"modified":"2016-07-09T12:50:10","modified_gmt":"2016-07-09T17:50:10","slug":"paris-prepara-fuerte-dispositivo-seguridad-la-final","status":"publish","type":"post","link":"http:\/\/desarrollo.grupomedios.com\/futbol\/futbol-internacional\/paris-prepara-fuerte-dispositivo-seguridad-la-final\/2016\/07","title":{"rendered":"Habr\u00e1 m\u00e1s de 6,800 policias para la Final de la Euro"},"content":{"rendered":"<p>Un total de 6.800 polic\u00edas y gendarmes velar\u00e1n por la seguridad en la Final de la <strong><span class=\"classCadenaBusqueda\">Eurocopa<\/span><\/strong> que disputar\u00e1n ma\u00f1ana en Par\u00eds <strong>Portugal<\/strong> y <strong>Francia<\/strong>, entre los que custodiar\u00e1n el estadio, las zonas para los hinchas y los Campos El\u00edseos tras el partido, inform\u00f3 hoy la Prefectura de Polic\u00eda.<\/p>\n<p>Hasta 1.300 funcionaros p\u00fablicos se encargar\u00e1n de la seguridad en el Estadio de Francia de Saint Denis, a las afueras de Par\u00eds, durante el partido que comenzar\u00e1 a las 21.00 hora local (19.00 GMT), se\u00f1al\u00f3 el prefecto, Michel Cadot.<\/p>\n<p>A ellos se sumar\u00e1n otros 3.400 agentes que se desplegar\u00e1n en los Campos El\u00edseos, donde se prev\u00e9 que los seguidores franceses o portugueses celebren el t\u00edtulo de su equipo.<\/p>\n<blockquote class=\"twitter-tweet\" data-lang=\"es\">\n<p dir=\"ltr\" lang=\"es\">El Stade de France luce radiante ante el sol parisino \u2600<a href=\"https:\/\/twitter.com\/hashtag\/EURO2016?src=hash\">#EURO2016<\/a> <a href=\"https:\/\/twitter.com\/hashtag\/PORFRA?src=hash\">#PORFRA<\/a> <a href=\"https:\/\/t.co\/NhurvkE1ye\">pic.twitter.com\/NhurvkE1ye<\/a><\/p>\n<p>\u2014 UEFA.com en espa\u00f1ol (@UEFAcom_es) <a href=\"https:\/\/twitter.com\/UEFAcom_es\/status\/751816555772649472\">9 de julio de 2016<\/a><\/p><\/blockquote>\n<p><script src=\"\/\/platform.twitter.com\/widgets.js\" async=\"\" charset=\"utf-8\"><\/script><\/p>\n<p>Las fuerzas de seguridad tambi\u00e9n reforzar\u00e1n la vigilancia de las zona de hinchas de Par\u00eds, junto a la Torre Eiffel, y otros 700 efectivos velar\u00e1n por que no haya incidentes en los transportes p\u00fablicos, agreg\u00f3 Cadot.<\/p>\n<p>En caso de una eventual victoria de la selecci\u00f3n francesa, la polic\u00eda no cortar\u00e1 el tr\u00e1fico en los Campos El\u00edseos el lunes como ocurri\u00f3 en 1998 cuando los &#8220;bleus&#8221; se proclamaron campeones del mundo en Par\u00eds.<\/p>\n<p style=\"text-align: center;\"><span style=\"color: #3366ff;\">LEER M\u00c1S:\u00a0<a style=\"color: #3366ff;\" href=\"http:\/\/www.futboltotal.com.mx\/2016\/07\/xavi-entregara-el-trofeo-la-eurocopa\/\">Xavi entregar\u00e1 el trofeo de la Eurocopa<\/a><\/span><\/p>\n<p>Para el resto de ciudades francesas que habiliten espacios para seguir la final, la Prefectura de Polic\u00eda record\u00f3 que &#8220;solo se deben organizar en espacios cerrados donde se controle el acceso por agentes de seguridad privada&#8221;. EFE<\/p>\n","protected":false},"excerpt":{"rendered":"<p>La polic\u00eda previene un triunfo de los locales<\/p>\n","protected":false},"author":20,"featured_media":409532,"comment_status":"closed","ping_status":"closed","sticky":false,"template":"","format":"standard","meta":[],"categories":[6995,3839,5951],"tags":[5537],"_links":{"self":[{"href":"http:\/\/desarrollo.grupomedios.com\/futbol\/wp-json\/wp\/v2\/posts\/409531"}],"collection":[{"href":"http:\/\/desarrollo.grupomedios.com\/futbol\/wp-json\/wp\/v2\/posts"}],"about":[{"href":"http:\/\/desarrollo.grupomedios.com\/futbol\/wp-json\/wp\/v2\/types\/post"}],"author":[{"embeddable":true,"href":"http:\/\/desarrollo.grupomedios.com\/futbol\/wp-json\/wp\/v2\/users\/20"}],"replies":[{"embeddable":true,"href":"http:\/\/desarrollo.grupomedios.com\/futbol\/wp-json\/wp\/v2\/comments?post=409531"}],"version-history":[{"count":0,"href":"http:\/\/desarrollo.grupomedios.com\/futbol\/wp-json\/wp\/v2\/posts\/409531\/revisions"}],"wp:featuredmedia":[{"embeddable":true,"href":"http:\/\/desarrollo.grupomedios.com\/futbol\/wp-json\/wp\/v2\/media\/409532"}],"wp:attachment":[{"href":"http:\/\/desarrollo.grupomedios.com\/futbol\/wp-json\/wp\/v2\/media?parent=409531"}],"wp:term":[{"taxonomy":"category","embeddable":true,"href":"http:\/\/desarrollo.grupomedios.com\/futbol\/wp-json\/wp\/v2\/categories?post=409531"},{"taxonomy":"post_tag","embeddable":true,"href":"http:\/\/desarrollo.grupomedios.com\/futbol\/wp-json\/wp\/v2\/tags?post=409531"}],"curies":[{"name":"wp","href":"https:\/\/api.w.org\/{rel}","templated":true}]}}