{"id":409534,"date":"2016-07-09T13:26:42","date_gmt":"2016-07-09T18:26:42","guid":{"rendered":"http:\/\/www.futboltotal.com.mx\/?p=409534"},"modified":"2016-07-09T13:26:42","modified_gmt":"2016-07-09T18:26:42","slug":"maxi-rodriguez-recordo-gol-contra-mexico","status":"publish","type":"post","link":"http:\/\/desarrollo.grupomedios.com\/futbol\/futbol-mexicano\/maxi-rodriguez-recordo-gol-contra-mexico\/2016\/07","title":{"rendered":"Maxi Rodr\u00edguez record\u00f3 su gol contra M\u00e9xico"},"content":{"rendered":"<p>El mediocampista argentino, <strong>Maxi Rodr\u00edguez<\/strong>, se encuentra en <strong>M\u00e9xico<\/strong> para el partido del Centenario del Atlas ante Newell\u00b4s Old Boy de Argentina, y como era de esperarse, el jugador fue cuestionado por aquel golazo que marc\u00f3 frente a Selecci\u00f3n Mexicana\u00a0para eliminarlos del Mundial de Alemania 2006.<\/p>\n<p><iframe loading=\"lazy\" src=\"https:\/\/www.youtube.com\/embed\/GYNqMydCGoE\" frameborder=\"0\" allowfullscreen=\"allowfullscreen\"><\/iframe><\/p>\n<p>&#8220;Donde vas, siempre te recuerdan ese gol, sobre todo cuando vengo ac\u00e1, pero siempre con mucho respeto.\u00a0Era un juego complicado para nosotros y se dio con un gol de otro partido. M\u00e1s en un pa\u00eds como este, con tantos millones de habitantes, tan futbolero y en ese momento <strong>M\u00e9xico<\/strong> nos estaba dominando y bueno, se hizo un gol de otro partido&#8221;, coment\u00f3.<\/p>\n<p style=\"text-align: center;\"><span style=\"color: #3366ff;\">LEER M\u00c1S:\u00a0<a style=\"color: #3366ff;\" href=\"http:\/\/www.futboltotal.com.mx\/2016\/07\/cinco-anos-honrar-al-futbol\/\">Cinco a\u00f1os de honrar al futbol<\/a><\/span><\/p>\n<p>A pesar de que su gol ha sido considerado como uno de los mejores en los mundiales, <strong>Maxi<\/strong> no est\u00e1 seguro de que sea el mejor gol de su carrera, aunque sabe lo que represent\u00f3 en aquel entonces.<\/p>\n<p>&#8220;Cambia (la vida), hay goles que a uno lo marcan y cambia el futuro, sobre todo por la instancia en que est\u00e1bamos, en un <strong>Mundial<\/strong>, fue un antes y un despu\u00e9s de ese gol&#8221;.<\/p>\n<p>Este s\u00e1bado el argentino ser\u00e1 parte del equipo que enfrente al Atlas en el estadio Jalisco, donde sabe que los aficionados lo pueden abuchear por haber causado la eliminaci\u00f3n del\u00a0<em>Tricolor.<\/em><\/p>\n<p>&#8220;Esto es futbol, est\u00e1 el folklore y es normal recibir insultos.\u00a0Quedar fuera de un <strong>Mundial <\/strong>a nadie le gusta, pero la gente es muy respetuosa m\u00e1s all\u00e1 de que uno u otro no est\u00e9 de acuerdo;\u00a0son cosas que tiene el futbol y siempre con respeto. Se acepta, porque a nadie le gusta perder, sobre todo en las instancias en que jug\u00e1bamos&#8221;.<\/p>\n<blockquote class=\"twitter-tweet\" data-lang=\"es\">\n<p dir=\"ltr\" lang=\"es\">\u00a1Atlas FC vs. <a href=\"https:\/\/twitter.com\/CANOBoficial\">@CANOBoficial<\/a>!<br \/>\n\u00a1No te pierdas la celebraci\u00f3n del <a href=\"https:\/\/twitter.com\/hashtag\/CentenarioRojinegro?src=hash\">#CentenarioRojinegro<\/a> <a href=\"https:\/\/twitter.com\/wibemx\">@wibemx<\/a>!<a href=\"https:\/\/twitter.com\/hashtag\/AtlasMiPas100n?src=hash\">#AtlasMiPas100n<\/a> <a href=\"https:\/\/t.co\/9q4UxALpFz\">pic.twitter.com\/9q4UxALpFz<\/a><\/p>\n<p>\u2014 Atlas FC (@atlasfc) <a href=\"https:\/\/twitter.com\/atlasfc\/status\/751808310676844544\">9 de julio de 2016<\/a><\/p><\/blockquote>\n<p><script src=\"\/\/platform.twitter.com\/widgets.js\" async=\"\" charset=\"utf-8\"><\/script><\/p>\n<p>Respecto al partido frente a Atlas, <strong>Maxi<\/strong> se mostr\u00f3 agradecido por la invitaci\u00f3n que hicieron los\u00a0<em>rojinegros\u00a0<\/em>para que los\u00a0<em>leprosos\u00a0<\/em>sean parte de su fiesta por el centenario.<\/p>\n<p>&#8220;Es un orgullo para nosotros estar ac\u00e1. Una fiesta para la instituci\u00f3n y queremos disfrutar del partido de ma\u00f1ana y que todo sea una fiesta&#8221;, coment\u00f3 <strong>Rodr\u00edguez<\/strong>.<\/p>\n","protected":false},"excerpt":{"rendered":"<p>El argentino estar\u00e1 en el partido del centenario del Atlas<\/p>\n","protected":false},"author":20,"featured_media":409535,"comment_status":"closed","ping_status":"closed","sticky":false,"template":"","format":"standard","meta":[],"categories":[2198,3845,3847,5950],"tags":[7246,65,5979],"_links":{"self":[{"href":"http:\/\/desarrollo.grupomedios.com\/futbol\/wp-json\/wp\/v2\/posts\/409534"}],"collection":[{"href":"http:\/\/desarrollo.grupomedios.com\/futbol\/wp-json\/wp\/v2\/posts"}],"about":[{"href":"http:\/\/desarrollo.grupomedios.com\/futbol\/wp-json\/wp\/v2\/types\/post"}],"author":[{"embeddable":true,"href":"http:\/\/desarrollo.grupomedios.com\/futbol\/wp-json\/wp\/v2\/users\/20"}],"replies":[{"embeddable":true,"href":"http:\/\/desarrollo.grupomedios.com\/futbol\/wp-json\/wp\/v2\/comments?post=409534"}],"version-history":[{"count":0,"href":"http:\/\/desarrollo.grupomedios.com\/futbol\/wp-json\/wp\/v2\/posts\/409534\/revisions"}],"wp:featuredmedia":[{"embeddable":true,"href":"http:\/\/desarrollo.grupomedios.com\/futbol\/wp-json\/wp\/v2\/media\/409535"}],"wp:attachment":[{"href":"http:\/\/desarrollo.grupomedios.com\/futbol\/wp-json\/wp\/v2\/media?parent=409534"}],"wp:term":[{"taxonomy":"category","embeddable":true,"href":"http:\/\/desarrollo.grupomedios.com\/futbol\/wp-json\/wp\/v2\/categories?post=409534"},{"taxonomy":"post_tag","embeddable":true,"href":"http:\/\/desarrollo.grupomedios.com\/futbol\/wp-json\/wp\/v2\/tags?post=409534"}],"curies":[{"name":"wp","href":"https:\/\/api.w.org\/{rel}","templated":true}]}}