{"id":409546,"date":"2016-07-09T12:20:19","date_gmt":"2016-07-09T17:20:19","guid":{"rendered":"http:\/\/www.futboltotal.com.mx\/?p=409546"},"modified":"2016-07-09T15:38:05","modified_gmt":"2016-07-09T20:38:05","slug":"marco-fabian-anoto-en-goleada-del-eintracht","status":"publish","type":"post","link":"http:\/\/desarrollo.grupomedios.com\/futbol\/destacado-home\/marco-fabian-anoto-en-goleada-del-eintracht\/2016\/07","title":{"rendered":"Marco Fabi\u00e1n anot\u00f3 en goleada del Eintracht"},"content":{"rendered":"<p>En un partido amistoso que disputaron el <strong>Eintracht Frankfurt<\/strong> y el TSG Messel, el mexicano <strong>Marco Fabi\u00e1n<\/strong> colabor\u00f3 con un gol y una asistencia en la goleada de 15-0 del equipo dirigido por el croata\u00a0Niko Kova\u010d.<\/p>\n<blockquote class=\"twitter-tweet\" data-lang=\"es\">\n<p dir=\"ltr\" lang=\"es\">AMISTOSO<br \/>\n2.450 personas vieron el 15-0 del <a href=\"https:\/\/twitter.com\/hashtag\/Eintracht?src=hash\">#Eintracht<\/a> en Messel!<br \/>\nAbraham anot\u00f3 el 1ero y <a href=\"https:\/\/twitter.com\/MarcoFabian_10\">@MarcoFabian_10<\/a> el 3ero. <a href=\"https:\/\/t.co\/FqY3MDvzgZ\">pic.twitter.com\/FqY3MDvzgZ<\/a><\/p>\n<p>\u2014 eintracht_esp (@eintracht_esp) <a href=\"https:\/\/twitter.com\/eintracht_esp\/status\/751833393386708992\">9 de julio de 2016<\/a><\/p><\/blockquote>\n<p><script src=\"\/\/platform.twitter.com\/widgets.js\" async=\"\" charset=\"utf-8\"><\/script><\/p>\n<p>El atacante mexicano inici\u00f3 el partido y colaboro en los primeros tres goles de las <em>\u00c1guilas<\/em>, pues dio dos asistencias y despu\u00e9s\u00a0fue el encargado de anotar el tercer gol<em>\u00a0<\/em>en el minuto 37.<\/p>\n<p>Al finalizar el primer tiempo, el <strong>Eintracht<\/strong> ya ganaba 4-0, pero en el segundo tiempo y con apenas 20 minutos, el marcador ya estaba duplicado con ocho goles para el equipo del mexicano, que no se cans\u00f3 de anotar y los siguientes goles fueron cayendo en poco tiempo.<\/p>\n<p>As\u00ed, el equipo de <strong>Marco Fabi\u00e1n<\/strong> sigue prepar\u00e1ndose para el comienzo de la Bundesliga, donde enfrentar\u00e1n al Schalke 04 en su primer partido.<\/p>\n<p style=\"text-align: center;\"><span style=\"color: #3366ff;\">LEER M\u00c1S:\u00a0<a style=\"color: #3366ff;\" href=\"http:\/\/www.futboltotal.com.mx\/2016\/07\/vela-presenta-nuevo-uniforme-la-real-sociedad\/\">Vela present\u00f3 el nuevo uniforme de la Real Sociedad<\/a><\/span><\/p>\n","protected":false},"excerpt":{"rendered":"<p>Fabi\u00e1n tambi\u00e9n se destap\u00f3 con dos asistencias<\/p>\n","protected":false},"author":20,"featured_media":409547,"comment_status":"closed","ping_status":"closed","sticky":false,"template":"","format":"standard","meta":[],"categories":[5,3839,6718,5951],"tags":[119,4545],"_links":{"self":[{"href":"http:\/\/desarrollo.grupomedios.com\/futbol\/wp-json\/wp\/v2\/posts\/409546"}],"collection":[{"href":"http:\/\/desarrollo.grupomedios.com\/futbol\/wp-json\/wp\/v2\/posts"}],"about":[{"href":"http:\/\/desarrollo.grupomedios.com\/futbol\/wp-json\/wp\/v2\/types\/post"}],"author":[{"embeddable":true,"href":"http:\/\/desarrollo.grupomedios.com\/futbol\/wp-json\/wp\/v2\/users\/20"}],"replies":[{"embeddable":true,"href":"http:\/\/desarrollo.grupomedios.com\/futbol\/wp-json\/wp\/v2\/comments?post=409546"}],"version-history":[{"count":0,"href":"http:\/\/desarrollo.grupomedios.com\/futbol\/wp-json\/wp\/v2\/posts\/409546\/revisions"}],"wp:featuredmedia":[{"embeddable":true,"href":"http:\/\/desarrollo.grupomedios.com\/futbol\/wp-json\/wp\/v2\/media\/409547"}],"wp:attachment":[{"href":"http:\/\/desarrollo.grupomedios.com\/futbol\/wp-json\/wp\/v2\/media?parent=409546"}],"wp:term":[{"taxonomy":"category","embeddable":true,"href":"http:\/\/desarrollo.grupomedios.com\/futbol\/wp-json\/wp\/v2\/categories?post=409546"},{"taxonomy":"post_tag","embeddable":true,"href":"http:\/\/desarrollo.grupomedios.com\/futbol\/wp-json\/wp\/v2\/tags?post=409546"}],"curies":[{"name":"wp","href":"https:\/\/api.w.org\/{rel}","templated":true}]}}