{"id":409554,"date":"2016-07-09T16:40:59","date_gmt":"2016-07-09T21:40:59","guid":{"rendered":"http:\/\/www.futboltotal.com.mx\/?p=409554"},"modified":"2016-07-09T16:40:59","modified_gmt":"2016-07-09T21:40:59","slug":"carlos-vela-quiere-regresar-a-la-seleccion-mexicana","status":"publish","type":"post","link":"http:\/\/desarrollo.grupomedios.com\/futbol\/futbol-mexicano\/carlos-vela-quiere-regresar-a-la-seleccion-mexicana\/2016\/07","title":{"rendered":"Carlos Vela quiere regresar a la Selecci\u00f3n Mexicana"},"content":{"rendered":"<p>Despu\u00e9s de una temporada en la que baj\u00f3 su rendimiento, <strong>Carlos Vela<\/strong> quiere recomponer el camino para volver a ser figura de la Real Sociedad o del equipo al que cambie, pero el delantero no apunta s\u00f3lo a nivel de clubes, pues anhela regresar a la <a href=\"http:\/\/www.futboltotal.com.mx\/futbol-mexicano\/seleccion-mexicana\/\" target=\"_blank\"><strong>Selecci\u00f3n Mexicana<\/strong><\/a>.<\/p>\n<p>\u201cUno de mis retos es jugar bien en la Real y volver a la Selecci\u00f3n, que es algo muy importante\u201d, confes\u00f3 el <em>Bombardero<\/em> en entrevista con el diario espa\u00f1ol, <em>Marca<\/em>.<\/p>\n<blockquote class=\"twitter-tweet\" data-lang=\"es\">\n<p dir=\"ltr\" lang=\"es\">Ma\u00f1ana. Anoeta, 13 horas. \u00a1Te esperamos! <a href=\"https:\/\/t.co\/Us233LlSGI\">pic.twitter.com\/Us233LlSGI<\/a><\/p>\n<p>\u2014 carlos vela (@11carlosV) <a href=\"https:\/\/twitter.com\/11carlosV\/status\/751032765206896640\">7 de julio de 2016<\/a><\/p><\/blockquote>\n<p><script src=\"\/\/platform.twitter.com\/widgets.js\" async=\"\" charset=\"utf-8\"><\/script><\/p>\n<p>El rendimiento de <strong>Carlos Vela<\/strong> en la pasada campa\u00f1a fue tal, que la misma afici\u00f3n del <em>txuri-urdin<\/em> pidi\u00f3 su salida, por ello el atacante subray\u00f3 que trabajar\u00e1 para recuperar el cari\u00f1o del p\u00fablico.<\/p>\n<p>\u201cEstoy con muchas ganas de devolver a la Real, en el campo, la confianza que ha puesto en m\u00ed y dar muchas alegr\u00edas\u201d, concluy\u00f3.<\/p>\n<p><span style=\"color: #ff0000;\"><strong>VIDEO<\/strong>: Las mejores aficiones de la Eurocopa<\/span><br \/>\n[video_player]https:\/\/player.vimeo.com\/external\/173499566.sd.mp4?s=e7f52fb3429dac9c2cd9f4bfb6168e261587a07b&amp;profile_id=165[\/video_player]<\/p>\n","protected":false},"excerpt":{"rendered":"<p>El Bombardero anhela volver a ser el referente ofensivo <\/p>\n","protected":false},"author":20,"featured_media":409555,"comment_status":"closed","ping_status":"closed","sticky":false,"template":"","format":"standard","meta":[],"categories":[2198,3847,5950],"tags":[6048,5979],"_links":{"self":[{"href":"http:\/\/desarrollo.grupomedios.com\/futbol\/wp-json\/wp\/v2\/posts\/409554"}],"collection":[{"href":"http:\/\/desarrollo.grupomedios.com\/futbol\/wp-json\/wp\/v2\/posts"}],"about":[{"href":"http:\/\/desarrollo.grupomedios.com\/futbol\/wp-json\/wp\/v2\/types\/post"}],"author":[{"embeddable":true,"href":"http:\/\/desarrollo.grupomedios.com\/futbol\/wp-json\/wp\/v2\/users\/20"}],"replies":[{"embeddable":true,"href":"http:\/\/desarrollo.grupomedios.com\/futbol\/wp-json\/wp\/v2\/comments?post=409554"}],"version-history":[{"count":0,"href":"http:\/\/desarrollo.grupomedios.com\/futbol\/wp-json\/wp\/v2\/posts\/409554\/revisions"}],"wp:featuredmedia":[{"embeddable":true,"href":"http:\/\/desarrollo.grupomedios.com\/futbol\/wp-json\/wp\/v2\/media\/409555"}],"wp:attachment":[{"href":"http:\/\/desarrollo.grupomedios.com\/futbol\/wp-json\/wp\/v2\/media?parent=409554"}],"wp:term":[{"taxonomy":"category","embeddable":true,"href":"http:\/\/desarrollo.grupomedios.com\/futbol\/wp-json\/wp\/v2\/categories?post=409554"},{"taxonomy":"post_tag","embeddable":true,"href":"http:\/\/desarrollo.grupomedios.com\/futbol\/wp-json\/wp\/v2\/tags?post=409554"}],"curies":[{"name":"wp","href":"https:\/\/api.w.org\/{rel}","templated":true}]}}