{"id":409562,"date":"2016-07-09T17:22:35","date_gmt":"2016-07-09T22:22:35","guid":{"rendered":"http:\/\/www.futboltotal.com.mx\/?p=409562"},"modified":"2016-07-09T17:22:35","modified_gmt":"2016-07-09T22:22:35","slug":"tuca-ferretti-volveria-a-dirigir-al-tri","status":"publish","type":"post","link":"http:\/\/desarrollo.grupomedios.com\/futbol\/futbol-mexicano\/tuca-ferretti-volveria-a-dirigir-al-tri\/2016\/07","title":{"rendered":"Tuca Ferretti no volver\u00eda a dirigir al Tri"},"content":{"rendered":"<p>Durante a\u00f1os, <strong>Ricardo <em>Tuca<\/em> Ferretti<\/strong> desestim\u00f3 que alg\u00fan d\u00eda aceptar\u00eda tomar las riendas de la <a href=\"http:\/\/www.futboltotal.com.mx\/futbol-mexicano\/seleccion-mexicana\/\" target=\"_blank\"><strong>Selecci\u00f3n Mexicana<\/strong><\/a>, sin embargo, en 2015 lo hizo e incluso se\u00f1al\u00f3 que \u201cm\u00e1s r\u00e1pido cae un hablador que un cojo\u201d. A pesar de dicho refr\u00e1n, el t\u00e9cnico de Tigres asever\u00f3 que no volver\u00eda al <em>Tri<\/em>, pues ya no le interesa el cargo.<\/p>\n<p>&#8220;Yo creo que por experiencia podr\u00eda pelear la candidatura, son 25 a\u00f1os, las cosas ah\u00ed est\u00e1n, pero no es una cosa que me llene. Ahorita que tuve la oportunidad de estar con la selecci\u00f3n, les dije claramente, es por el agradecimiento al futbol mexicano, al pa\u00eds que me ha dado todo en mi vida, pero me gusta trabajar d\u00eda a d\u00eda&#8221;, coment\u00f3 el entrenador en entrevista con <em>ESPN<\/em>.<\/p>\n<p><strong><em>Tuca<\/em> Ferretti<\/strong> <strong>ironiza con Final del Monterrey<\/strong><\/p>\n<p>Por otra parte, en conferencia de prensa previo al Campe\u00f3n de Campeones, el timonel de los Tigres indic\u00f3 que Pachuca se trata de un club que representa peligro en todo momento e incluso ironiz\u00f3 con la Final del Clausura 2016 que ganaron los <em>Tuzos<\/em> de \u00faltimo minuto frente al Monterrey.<\/p>\n<p>&#8220;El \u00faltimo minuto tambi\u00e9n tiene 60 segundos&#8221;, indic\u00f3 el brasile\u00f1o con una sonrisa en el rostro.<\/p>\n<p><span style=\"color: #ff0000;\"><strong>VIDEO<\/strong>: Las mejores aficiones de la Eurocopa<\/span><br \/>\n[video_player]https:\/\/player.vimeo.com\/external\/173499566.sd.mp4?s=e7f52fb3429dac9c2cd9f4bfb6168e261587a07b&amp;profile_id=165[\/video_player]<\/p>\n","protected":false},"excerpt":{"rendered":"<p>El DT subray\u00f3 que ya no le interesa tomar el cargo <\/p>\n","protected":false},"author":20,"featured_media":409563,"comment_status":"closed","ping_status":"closed","sticky":false,"template":"","format":"standard","meta":[],"categories":[2198,3847,5950],"tags":[5979,5973],"_links":{"self":[{"href":"http:\/\/desarrollo.grupomedios.com\/futbol\/wp-json\/wp\/v2\/posts\/409562"}],"collection":[{"href":"http:\/\/desarrollo.grupomedios.com\/futbol\/wp-json\/wp\/v2\/posts"}],"about":[{"href":"http:\/\/desarrollo.grupomedios.com\/futbol\/wp-json\/wp\/v2\/types\/post"}],"author":[{"embeddable":true,"href":"http:\/\/desarrollo.grupomedios.com\/futbol\/wp-json\/wp\/v2\/users\/20"}],"replies":[{"embeddable":true,"href":"http:\/\/desarrollo.grupomedios.com\/futbol\/wp-json\/wp\/v2\/comments?post=409562"}],"version-history":[{"count":0,"href":"http:\/\/desarrollo.grupomedios.com\/futbol\/wp-json\/wp\/v2\/posts\/409562\/revisions"}],"wp:featuredmedia":[{"embeddable":true,"href":"http:\/\/desarrollo.grupomedios.com\/futbol\/wp-json\/wp\/v2\/media\/409563"}],"wp:attachment":[{"href":"http:\/\/desarrollo.grupomedios.com\/futbol\/wp-json\/wp\/v2\/media?parent=409562"}],"wp:term":[{"taxonomy":"category","embeddable":true,"href":"http:\/\/desarrollo.grupomedios.com\/futbol\/wp-json\/wp\/v2\/categories?post=409562"},{"taxonomy":"post_tag","embeddable":true,"href":"http:\/\/desarrollo.grupomedios.com\/futbol\/wp-json\/wp\/v2\/tags?post=409562"}],"curies":[{"name":"wp","href":"https:\/\/api.w.org\/{rel}","templated":true}]}}