{"id":409567,"date":"2016-07-09T17:47:47","date_gmt":"2016-07-09T22:47:47","guid":{"rendered":"http:\/\/www.futboltotal.com.mx\/?p=409567"},"modified":"2016-07-09T17:47:47","modified_gmt":"2016-07-09T22:47:47","slug":"rodolfo-pizarro-ofertas-en-europa","status":"publish","type":"post","link":"http:\/\/desarrollo.grupomedios.com\/futbol\/futbol-mexicano\/rodolfo-pizarro-ofertas-en-europa\/2016\/07","title":{"rendered":"Rodolfo Pizarro tambi\u00e9n tiene ofertas en Europa"},"content":{"rendered":"<p>Los j\u00f3venes del <a href=\"http:\/\/futboltotal.com.mx\/equipos\/pachuca\/\" target=\"_blank\"><strong>Pachuca<\/strong><\/a> llegaron para triunfar y ya apuntan al futbol europeo, <a href=\"http:\/\/www.futboltotal.com.mx\/2016\/07\/chucky-lozano-puede-ir-a-manchester-united\/\" target=\"_blank\">uno de ellos es Hirving Lozano<\/a> quien est\u00e1 cerca del Manchester United, pero <em>Chucky<\/em> no es el \u00fanico, pues <strong>Rodolfo Pizarro<\/strong> tambi\u00e9n tiene ofertas para irse al <em>Viejo Continente<\/em>.<\/p>\n<p>&#8220;S\u00ed s\u00e9 que tengo propuestas de fuera, pero <strong>Pachuca<\/strong> se encarga de eso. Ellos saben cu\u00e1ndo es el momento&#8221;, confes\u00f3 el mediocampista en entrevista con <em>ESPN<\/em>.<\/p>\n<p>De momento no se anunciar\u00eda nada, pues <strong>Rodolfo Pizarro<\/strong> asistir\u00e1 a los Juegos Ol\u00edmpicos, con la Selecci\u00f3n Mexicana Sub-23 que buscar\u00e1 la segunda medalla de oro.<\/p>\n<blockquote class=\"twitter-tweet\" data-lang=\"es\">\n<p dir=\"ltr\" lang=\"es\">Un orgullo formar parte de <a href=\"https:\/\/twitter.com\/miseleccionmx\">@miseleccionmx<\/a><br \/>\nEl sue\u00f1o sigue! <a href=\"https:\/\/twitter.com\/hashtag\/JOrio2016?src=hash\">#JOrio2016<\/a> <a href=\"https:\/\/t.co\/G7UYymyQNn\">pic.twitter.com\/G7UYymyQNn<\/a><\/p>\n<p>\u2014 Rodolfo Pizarro (@Rpizarrot) <a href=\"https:\/\/twitter.com\/Rpizarrot\/status\/751209210889678848\">8 de julio de 2016<\/a><\/p><\/blockquote>\n<p><script src=\"\/\/platform.twitter.com\/widgets.js\" async=\"\" charset=\"utf-8\"><\/script><\/p>\n<p>Sobre la regla 10-8, el campe\u00f3n de la Liga MX subray\u00f3 que tanto los <em>Tuzos<\/em> como el Guadalajara\u00a0son los clubes que ponen el ejemplo de c\u00f3mo darles oportunidad a los j\u00f3venes.<\/p>\n<p>&#8220;En <strong>Pachuca<\/strong> s\u00ed hay oportunidad para los j\u00f3venes, somos el actual modelo mexicano, creo que nosotros y\u00a0Chivas somos un ejemplo y mientras nos vaya mejor, los equipos se van a dar cuenta de que pueden confiar en los j\u00f3venes mexicanos&#8221;, concluy\u00f3.<\/p>\n<p><span style=\"color: #ff0000;\"><strong>VIDEO<\/strong>: Las mejores aficiones de la Eurocopa<\/span><br \/>\n[video_player]https:\/\/player.vimeo.com\/external\/173499566.sd.mp4?s=e7f52fb3429dac9c2cd9f4bfb6168e261587a07b&amp;profile_id=165[\/video_player]<\/p>\n","protected":false},"excerpt":{"rendered":"<p>El mediocampista dej\u00f3 su futuro en manos del Pachuca<\/p>\n","protected":false},"author":20,"featured_media":409568,"comment_status":"closed","ping_status":"closed","sticky":false,"template":"","format":"standard","meta":[],"categories":[2198,3845,5950],"tags":[5968],"_links":{"self":[{"href":"http:\/\/desarrollo.grupomedios.com\/futbol\/wp-json\/wp\/v2\/posts\/409567"}],"collection":[{"href":"http:\/\/desarrollo.grupomedios.com\/futbol\/wp-json\/wp\/v2\/posts"}],"about":[{"href":"http:\/\/desarrollo.grupomedios.com\/futbol\/wp-json\/wp\/v2\/types\/post"}],"author":[{"embeddable":true,"href":"http:\/\/desarrollo.grupomedios.com\/futbol\/wp-json\/wp\/v2\/users\/20"}],"replies":[{"embeddable":true,"href":"http:\/\/desarrollo.grupomedios.com\/futbol\/wp-json\/wp\/v2\/comments?post=409567"}],"version-history":[{"count":0,"href":"http:\/\/desarrollo.grupomedios.com\/futbol\/wp-json\/wp\/v2\/posts\/409567\/revisions"}],"wp:featuredmedia":[{"embeddable":true,"href":"http:\/\/desarrollo.grupomedios.com\/futbol\/wp-json\/wp\/v2\/media\/409568"}],"wp:attachment":[{"href":"http:\/\/desarrollo.grupomedios.com\/futbol\/wp-json\/wp\/v2\/media?parent=409567"}],"wp:term":[{"taxonomy":"category","embeddable":true,"href":"http:\/\/desarrollo.grupomedios.com\/futbol\/wp-json\/wp\/v2\/categories?post=409567"},{"taxonomy":"post_tag","embeddable":true,"href":"http:\/\/desarrollo.grupomedios.com\/futbol\/wp-json\/wp\/v2\/tags?post=409567"}],"curies":[{"name":"wp","href":"https:\/\/api.w.org\/{rel}","templated":true}]}}